{"id":34116,"date":"2024-07-04T12:21:16","date_gmt":"2024-07-04T17:21:16","guid":{"rendered":"https:\/\/solidaridadnews.com\/?p=34116"},"modified":"2024-07-04T17:21:17","modified_gmt":"2024-07-04T17:21:17","slug":"tv-azteca-a-favor-de-la-centralizacion-de-derechos-en-liga-mx-es-una-gran-idea","status":"publish","type":"post","link":"https:\/\/solidaridadnews.com\/?p=34116","title":{"rendered":"TV Azteca, a favor de la centralizaci\u00f3n de derechos en Liga MX: \u00abEs una gran idea\u00bb"},"content":{"rendered":"<h4>El director general de Azteca Deportes se\u00f1al\u00f3 que es mejor compartir transmisiones<\/p>\n<p>Ante la propuesta de Juan Carlos &#8216;La Bomba&#8217; Rodr\u00edguez de unificar los derechos de transmisi\u00f3n de la Liga MX, Rodolfo Ram\u00edrez, director general de Azteca Deportes, se pronunci\u00f3 a favor de dicha medida, pues considera que a ninguna televisora le \u00abconviene pelear a billetazos\u00bb en estas instancias.<\/h4>\n<p>En una entrevista para R\u00c9CORD+, Rodolfo Ram\u00edrez se\u00f1al\u00f3 que en la Televisora del Ajusco est\u00e1n a favor de centralizar los derechos de transmisi\u00f3n de los 18 equipos de Liga MX. Sin embargo, el directivo coment\u00f3 que en el futbol mexicano es muy complicado lograr esta unificaci\u00f3n, pues hay muchos inter\u00e9ses de por medio en los diferentes canales.<\/p>\n<p>\u00abLa centralizaci\u00f3n es una gran idea. Va a ser complicado porque en el futbol mexicanos hay muchos intereses y muchos cambios, pero creo que esto tiene que venir y va a ser un parteaguas en el futbol mexicano\u201d, coment\u00f3 Rodolfo.<\/p>\n<p>Asimismo, el directivo de TV Azteca ejemplific\u00f3 con LaLiga y Premier League, al decir que dicha uni\u00f3n de derechos es un modelo de negocios favorable para la mayor\u00eda de las partes, pues adem\u00e1s de monetizar de mejor manera, le da m\u00e1s alternativas al televidente de disfrutar los deportes a su manera.<\/p>\n<p>&nbsp;<\/p>\n<p>De igual forma, Rodolfo se\u00f1al\u00f3 que en esta \u00e9poca, TV Azteca ha dado ese primer paso y ha optado por compartir m\u00faltiples derechos de transmisi\u00f3n, as\u00ed como las peleas del &#8216;Canelo&#8217; \u00c1lvarez. Sin embargo, recalc\u00f3 que Televisa ya tambi\u00e9n ha dado ese paso de cara a una futura unificaci\u00f3n.<\/p>\n<p>\u00abA nadie le conviene pelear a billetazos, ese es el peor error en el futbol. Lo que tenemos que hacer es meter todos los derechos, compartirlos y que la afici\u00f3n escoga que transmisi\u00f3n le gustra m\u00e1s. Nosotros somos due\u00f1os absolutos del &#8216;Canelo&#8217; y lllega a ESPN y se los vendemos, luego Televisa nos comparte a nosotros\u00bb, explic\u00f3 Ram\u00edrez.<\/p>\n","protected":false},"excerpt":{"rendered":"<p>El director general de Azteca Deportes se\u00f1al\u00f3 que es mejor compartir transmisiones Ante la propuesta de Juan Carlos &#8216;La Bomba&#8217; Rodr\u00edguez de unificar los derechos de transmisi\u00f3n de la Liga MX, Rodolfo Ram\u00edrez, director general de Azteca Deportes, se pronunci\u00f3 a favor de dicha medida, pues considera que a ninguna televisora le \u00abconviene pelear a [&hellip;]<\/p>\n","protected":false},"author":1,"featured_media":34118,"comment_status":"open","ping_status":"closed","sticky":false,"template":"","format":"standard","meta":{"footnotes":""},"categories":[6],"tags":[],"class_list":["post-34116","post","type-post","status-publish","format-standard","has-post-thumbnail","hentry","category-deportes"],"_links":{"self":[{"href":"https:\/\/solidaridadnews.com\/index.php?rest_route=\/wp\/v2\/posts\/34116","targetHints":{"allow":["GET"]}}],"collection":[{"href":"https:\/\/solidaridadnews.com\/index.php?rest_route=\/wp\/v2\/posts"}],"about":[{"href":"https:\/\/solidaridadnews.com\/index.php?rest_route=\/wp\/v2\/types\/post"}],"author":[{"embeddable":true,"href":"https:\/\/solidaridadnews.com\/index.php?rest_route=\/wp\/v2\/users\/1"}],"replies":[{"embeddable":true,"href":"https:\/\/solidaridadnews.com\/index.php?rest_route=%2Fwp%2Fv2%2Fcomments&post=34116"}],"version-history":[{"count":1,"href":"https:\/\/solidaridadnews.com\/index.php?rest_route=\/wp\/v2\/posts\/34116\/revisions"}],"predecessor-version":[{"id":34117,"href":"https:\/\/solidaridadnews.com\/index.php?rest_route=\/wp\/v2\/posts\/34116\/revisions\/34117"}],"wp:featuredmedia":[{"embeddable":true,"href":"https:\/\/solidaridadnews.com\/index.php?rest_route=\/wp\/v2\/media\/34118"}],"wp:attachment":[{"href":"https:\/\/solidaridadnews.com\/index.php?rest_route=%2Fwp%2Fv2%2Fmedia&parent=34116"}],"wp:term":[{"taxonomy":"category","embeddable":true,"href":"https:\/\/solidaridadnews.com\/index.php?rest_route=%2Fwp%2Fv2%2Fcategories&post=34116"},{"taxonomy":"post_tag","embeddable":true,"href":"https:\/\/solidaridadnews.com\/index.php?rest_route=%2Fwp%2Fv2%2Ftags&post=34116"}],"curies":[{"name":"wp","href":"https:\/\/api.w.org\/{rel}","templated":true}]}}