{"id":34102,"date":"2024-07-02T10:55:31","date_gmt":"2024-07-02T15:55:31","guid":{"rendered":"https:\/\/solidaridadnews.com\/?p=34102"},"modified":"2024-07-02T15:55:32","modified_gmt":"2024-07-02T15:55:32","slug":"gran-participacion-de-solidaridad-en-el-festival-de-la-horticultura-en-colombia","status":"publish","type":"post","link":"https:\/\/solidaridadnews.com\/?p=34102","title":{"rendered":"Gran participaci\u00f3n de Solidaridad en el Festival de la Horticultura en Colombia"},"content":{"rendered":"<p>Con \u00e9xito concluy\u00f3 participaci\u00f3n en el 36\u00ba festival de la Horticultura en la alcald\u00eda de Villamar\u00eda Calas, Colombia, del Ayuntamiento dirigido por la presidenta municipal Lili Campos, a trav\u00e9s Instituto Municipal de la Cultura y las Artes de Solidaridad (IMCAS). Evento llevado a cabo para el intercambio cultural y promoci\u00f3n entre ambos pa\u00edses.<\/p>\n<p>Durante el festival del 27 al 30 de junio, participaron artistas del IMCAS como el grupo \u201cRa\u00edces\u201d, el ballet Lol Beh, dirigido por \u00c1ngela C\u00f3rdoba. Adem\u00e1s, un concierto de m\u00fasica regional mexicana por Armando Ferral y Consuelo del Toro imparti\u00f3 un taller de artes pl\u00e1sticas. Tambi\u00e9n participaron el cronista Raymundo Tineo y la artista pl\u00e1stica Daniela Jauregui.<\/p>\n<p>Al finalizar, el alcalde de Villamar\u00eda Calas, Jonier Alejandro Ram\u00edrez, agradeci\u00f3 a Lili Campos por la participaci\u00f3n del IMCAS en el festival, destacando que estos intercambios culturales enriquecen la visi\u00f3n y el conocimiento art\u00edstico de ambos pa\u00edses, fortaleciendo los lazos de amistad y colaboraci\u00f3n.<\/p>\n","protected":false},"excerpt":{"rendered":"<p>Con \u00e9xito concluy\u00f3 participaci\u00f3n en el 36\u00ba festival de la Horticultura en la alcald\u00eda de Villamar\u00eda Calas, Colombia, del Ayuntamiento dirigido por la presidenta municipal Lili Campos, a trav\u00e9s Instituto Municipal de la Cultura y las Artes de Solidaridad (IMCAS). Evento llevado a cabo para el intercambio cultural y promoci\u00f3n entre ambos pa\u00edses. Durante el [&hellip;]<\/p>\n","protected":false},"author":1,"featured_media":34104,"comment_status":"open","ping_status":"closed","sticky":false,"template":"","format":"standard","meta":{"footnotes":""},"categories":[4],"tags":[],"class_list":["post-34102","post","type-post","status-publish","format-standard","has-post-thumbnail","hentry","category-local"],"_links":{"self":[{"href":"https:\/\/solidaridadnews.com\/index.php?rest_route=\/wp\/v2\/posts\/34102","targetHints":{"allow":["GET"]}}],"collection":[{"href":"https:\/\/solidaridadnews.com\/index.php?rest_route=\/wp\/v2\/posts"}],"about":[{"href":"https:\/\/solidaridadnews.com\/index.php?rest_route=\/wp\/v2\/types\/post"}],"author":[{"embeddable":true,"href":"https:\/\/solidaridadnews.com\/index.php?rest_route=\/wp\/v2\/users\/1"}],"replies":[{"embeddable":true,"href":"https:\/\/solidaridadnews.com\/index.php?rest_route=%2Fwp%2Fv2%2Fcomments&post=34102"}],"version-history":[{"count":1,"href":"https:\/\/solidaridadnews.com\/index.php?rest_route=\/wp\/v2\/posts\/34102\/revisions"}],"predecessor-version":[{"id":34103,"href":"https:\/\/solidaridadnews.com\/index.php?rest_route=\/wp\/v2\/posts\/34102\/revisions\/34103"}],"wp:featuredmedia":[{"embeddable":true,"href":"https:\/\/solidaridadnews.com\/index.php?rest_route=\/wp\/v2\/media\/34104"}],"wp:attachment":[{"href":"https:\/\/solidaridadnews.com\/index.php?rest_route=%2Fwp%2Fv2%2Fmedia&parent=34102"}],"wp:term":[{"taxonomy":"category","embeddable":true,"href":"https:\/\/solidaridadnews.com\/index.php?rest_route=%2Fwp%2Fv2%2Fcategories&post=34102"},{"taxonomy":"post_tag","embeddable":true,"href":"https:\/\/solidaridadnews.com\/index.php?rest_route=%2Fwp%2Fv2%2Ftags&post=34102"}],"curies":[{"name":"wp","href":"https:\/\/api.w.org\/{rel}","templated":true}]}}