{"id":34090,"date":"2024-07-02T10:37:43","date_gmt":"2024-07-02T15:37:43","guid":{"rendered":"https:\/\/solidaridadnews.com\/?p=34090"},"modified":"2024-07-02T15:37:44","modified_gmt":"2024-07-02T15:37:44","slug":"cambio-en-aston-martin-para-finales-de-2024","status":"publish","type":"post","link":"https:\/\/solidaridadnews.com\/?p=34090","title":{"rendered":"Cambio en Aston Martin para finales de 2024"},"content":{"rendered":"<p>El equipo de F\u00f3rmula 1, Aston Martin Aramco, anunci\u00f3 el nombramiento de Andy Cowell como director ejecutivo &#8211;CEO&#8211; de la escuder\u00eda, para reemplazar a Martin Whitmarsh, que dejar\u00e1 su cargo a finales de 2024.<\/p>\n<p>\u201cAndy Cowell se unir\u00e1 al equipo como director ejecutivo, reportando al presidente ejecutivo, Lawrence Stroll. El actual CEO, Martin Whitmarsh, dejar\u00e1 su cargo antes de finales de a\u00f1o\u201d, anunci\u00f3 el equipo.<\/p>\n<p>Cowell, miembro del IMechE y de la Real Academia de Ingenier\u00eda, comenz\u00f3 su carrera en Cosworth antes de incorporarse a BMW Motorsport en el 2000 y a Mercedes-Ilmor en 2004 como Ingeniero Principal. En Mercedes-Benz HPE, fue Director de Ingenier\u00eda entre 2008 y 2013, y se convirti\u00f3 en CEO de Mercedes AMG High Performance Powertrains en 2013, en la era de los V6 turboh\u00edbridos, en la que la escuder\u00eda alemana gan\u00f3 tanto el Campeonato de Pilotos como el de Constructores entre 2014 y 2020.<\/p>\n<p>\u201cEstoy encantado de unirme al emocionante proyecto de Lawrence y estoy deseando trabajar con el talentoso grupo de personas. La F1 siempre ha sido mi pasi\u00f3n competitiva, y me uno a Aston Martin en un momento emocionante con la inminente finalizaci\u00f3n del Campus Tecnol\u00f3gico AMR y nuestra transici\u00f3n en 2026 a un equipo de trabajo con nuestros socios estrat\u00e9gicos Honda y Aramco\u201d, valor\u00f3 Cowell en declaraciones compartidas por el equipo<\/p>\n<p>Por su parte, Lawrence Stroll destac\u00f3 el \u00abliderazgo\u00bb de Cowell en el proyecto. \u00abEstamos en el buen camino para convertirnos en un equipo ganador del campeonato del mundo. Andy tiene todo mi apoyo y dispondr\u00e1 de todos los recursos para ganar\u00bb, asegur\u00f3.<\/p>\n<p>\u201cMe gustar\u00eda dar las gracias a Martin (Whitmarsh), que ha sido fundamental en nuestra fase de crecimiento. En los \u00faltimos tres a\u00f1os, ha desarrollado el equipo y nos ha ayudado a lograr hitos significativos, incluyendo el fomento de nuestra relaci\u00f3n con Honda y la entrega de nuestro Campus Tecnol\u00f3gico AMR de \u00faltima generaci\u00f3n en Silverstone\u201d, agreg\u00f3 sobre el CEO actual.<\/p>\n<p>Precisamente, Whitmarsh reconoci\u00f3 el \u00abenorme \u00e9xito\u00bb de Cowell durante su carrera. \u00abConozco a Andy desde hace muchos a\u00f1os y lo traje a Mercedes HPP en 2004, donde se convirti\u00f3 en director general entre 2013 y 2020. Ser\u00e1 un activo incre\u00edble para Aston Martin y contribuir\u00e1 significativamente a la ejecuci\u00f3n de nuestra estrategia de cara al futuro\u00bb, celebr\u00f3.<\/p>\n<p>\u201cLa llegada de Andy en octubre y la finalizaci\u00f3n del Campus Tecnol\u00f3gico AMR me permitir\u00e1n alejarme y centrarme en otros proyectos de mi vida, sabiendo que se han establecido las bases con un equipo impresionante, una visi\u00f3n inspiradora e instalaciones avanzadas para lograr el \u00e9xito en la F1\u201d, zanj\u00f3.<\/p>\n","protected":false},"excerpt":{"rendered":"<p>El equipo de F\u00f3rmula 1, Aston Martin Aramco, anunci\u00f3 el nombramiento de Andy Cowell como director ejecutivo &#8211;CEO&#8211; de la escuder\u00eda, para reemplazar a Martin Whitmarsh, que dejar\u00e1 su cargo a finales de 2024. \u201cAndy Cowell se unir\u00e1 al equipo como director ejecutivo, reportando al presidente ejecutivo, Lawrence Stroll. El actual CEO, Martin Whitmarsh, dejar\u00e1 [&hellip;]<\/p>\n","protected":false},"author":1,"featured_media":34092,"comment_status":"open","ping_status":"closed","sticky":false,"template":"","format":"standard","meta":{"footnotes":""},"categories":[6],"tags":[],"class_list":["post-34090","post","type-post","status-publish","format-standard","has-post-thumbnail","hentry","category-deportes"],"_links":{"self":[{"href":"https:\/\/solidaridadnews.com\/index.php?rest_route=\/wp\/v2\/posts\/34090","targetHints":{"allow":["GET"]}}],"collection":[{"href":"https:\/\/solidaridadnews.com\/index.php?rest_route=\/wp\/v2\/posts"}],"about":[{"href":"https:\/\/solidaridadnews.com\/index.php?rest_route=\/wp\/v2\/types\/post"}],"author":[{"embeddable":true,"href":"https:\/\/solidaridadnews.com\/index.php?rest_route=\/wp\/v2\/users\/1"}],"replies":[{"embeddable":true,"href":"https:\/\/solidaridadnews.com\/index.php?rest_route=%2Fwp%2Fv2%2Fcomments&post=34090"}],"version-history":[{"count":1,"href":"https:\/\/solidaridadnews.com\/index.php?rest_route=\/wp\/v2\/posts\/34090\/revisions"}],"predecessor-version":[{"id":34091,"href":"https:\/\/solidaridadnews.com\/index.php?rest_route=\/wp\/v2\/posts\/34090\/revisions\/34091"}],"wp:featuredmedia":[{"embeddable":true,"href":"https:\/\/solidaridadnews.com\/index.php?rest_route=\/wp\/v2\/media\/34092"}],"wp:attachment":[{"href":"https:\/\/solidaridadnews.com\/index.php?rest_route=%2Fwp%2Fv2%2Fmedia&parent=34090"}],"wp:term":[{"taxonomy":"category","embeddable":true,"href":"https:\/\/solidaridadnews.com\/index.php?rest_route=%2Fwp%2Fv2%2Fcategories&post=34090"},{"taxonomy":"post_tag","embeddable":true,"href":"https:\/\/solidaridadnews.com\/index.php?rest_route=%2Fwp%2Fv2%2Ftags&post=34090"}],"curies":[{"name":"wp","href":"https:\/\/api.w.org\/{rel}","templated":true}]}}