{"id":34023,"date":"2024-06-29T17:40:17","date_gmt":"2024-06-29T22:40:17","guid":{"rendered":"https:\/\/solidaridadnews.com\/?p=34023"},"modified":"2024-06-29T22:40:18","modified_gmt":"2024-06-29T22:40:18","slug":"piojo-herrera-y-fernando-cevallos-discuten-en-vivo-por-culpa-de-erick-sanchez-esta-diciendo-pura-tonteria","status":"publish","type":"post","link":"https:\/\/solidaridadnews.com\/?p=34023","title":{"rendered":"&#8216;Piojo&#8217; Herrera y Fernando Cevallos discuten en vivo por &#8216;culpa&#8217; de Erick S\u00e1nchez: \u00abest\u00e1 diciendo pura tonter\u00eda\u00bb"},"content":{"rendered":"<h4>Los analistas deportivos de FOX Sports tuvieron una tensa discusi\u00f3n durante una transmisi\u00f3n en vivo.<\/h4>\n<p>Miguel Herrera se ha estrenado como nuevo analista deportivo de FOX Sports, donde no ha dejado de lado su pol\u00e9mica personalidad, e incluso ha protagonizado ya una serie de discusiones con sus compa\u00f1eros.<\/p>\n<p>Ejemplo de ello, es la reciente discusi\u00f3n que tuvo con Fernando Cevallos durante un programa en vivo de La \u00faltima palabra, donde el Piojo desacredit\u00f3 a su compa\u00f1ero se\u00f1alando que no es un buen analista.<\/p>\n<p>Durante el programa se realiz\u00f3 un enlace en vivo desde\u00a0Phoenix, donde Herrera se encuentra cubriendo el d\u00eda a d\u00eda de la selecci\u00f3n mexicana en la Copa Am\u00e9rica.<\/p>\n<p>Sin embargo, no fue el Tricolor quien desencaden\u00f3 la discusi\u00f3n entre ambos personajes, sino el nuevo delantero del Am\u00e9rica, Erick S\u00e1nchez, pues Cevallos mencion\u00f3 que el futbolista no ser\u00e1 titular en las \u00c1guilas, a lo que el Piojo no estuvo de acuerdo.<\/p>\n<p>\u00abEl se\u00f1or Cevallos est\u00e1 diciendo pura tonter\u00eda, perd\u00f3n, pero es obvio que va a jugar, \u00bfqui\u00e9n va a salir? eso no importa, yo soy t\u00e9cnico, y t\u00fa no, y me queda claro que eres un tipo que va a comentar siempre en una silla\u00bb, dijo el Piojo.<br \/>\nTras esto, Cevallos cuestion\u00f3 a Herrera sobre c\u00f3mo modificar\u00eda el cuadro azulcrema para darle entrada a S\u00e1nchez a lo que Miguel respondi\u00f3 con argumentos, pero no dud\u00f3 en insultar a su colega, aunque poco despu\u00e9s ofreci\u00f3 disculpas.<\/p>\n<p>\u00abA (\u00c1lvaro) Fidalgo lo pones un poco m\u00e1s arriba, o juegas con tres, por derecha Chiquito (S\u00e1nchez) por izquierda Fidalgo, juegas con un tipo libre y dos arriba&#8230; si no da te da la cabeza para pensar eso es tu rollo. Fidalgo por izquierda, pedazo de tonto\u00bb, respondi\u00f3.<\/p>\n<p>Posteriormente, Miguel Herrera explic\u00f3 porqu\u00e9 considera que S\u00e1nchez ser\u00e1 titular, al mismo tiempo que enfatiz\u00f3 en su sorpresa luego de que S\u00e1nchez no emigrara al futbol europeo, como se hab\u00eda rumorado.<\/p>\n<p>\u00abNo est\u00e1 comprada su titularidad, va a iniciar por lo que cost\u00f3 y va a costar econ\u00f3micamente su sueldo, pero si no funciona dentro del esquema de (Andr\u00e9) Jardine seguramente lo utilizar\u00e1 como ha usado al uruguayo (Brian Rodr\u00edguez)\u00bb, finaliz\u00f3.<\/p>\n","protected":false},"excerpt":{"rendered":"<p>Los analistas deportivos de FOX Sports tuvieron una tensa discusi\u00f3n durante una transmisi\u00f3n en vivo. Miguel Herrera se ha estrenado como nuevo analista deportivo de FOX Sports, donde no ha dejado de lado su pol\u00e9mica personalidad, e incluso ha protagonizado ya una serie de discusiones con sus compa\u00f1eros. Ejemplo de ello, es la reciente discusi\u00f3n [&hellip;]<\/p>\n","protected":false},"author":1,"featured_media":34025,"comment_status":"open","ping_status":"closed","sticky":false,"template":"","format":"standard","meta":{"footnotes":""},"categories":[6],"tags":[],"class_list":["post-34023","post","type-post","status-publish","format-standard","has-post-thumbnail","hentry","category-deportes"],"_links":{"self":[{"href":"https:\/\/solidaridadnews.com\/index.php?rest_route=\/wp\/v2\/posts\/34023","targetHints":{"allow":["GET"]}}],"collection":[{"href":"https:\/\/solidaridadnews.com\/index.php?rest_route=\/wp\/v2\/posts"}],"about":[{"href":"https:\/\/solidaridadnews.com\/index.php?rest_route=\/wp\/v2\/types\/post"}],"author":[{"embeddable":true,"href":"https:\/\/solidaridadnews.com\/index.php?rest_route=\/wp\/v2\/users\/1"}],"replies":[{"embeddable":true,"href":"https:\/\/solidaridadnews.com\/index.php?rest_route=%2Fwp%2Fv2%2Fcomments&post=34023"}],"version-history":[{"count":1,"href":"https:\/\/solidaridadnews.com\/index.php?rest_route=\/wp\/v2\/posts\/34023\/revisions"}],"predecessor-version":[{"id":34024,"href":"https:\/\/solidaridadnews.com\/index.php?rest_route=\/wp\/v2\/posts\/34023\/revisions\/34024"}],"wp:featuredmedia":[{"embeddable":true,"href":"https:\/\/solidaridadnews.com\/index.php?rest_route=\/wp\/v2\/media\/34025"}],"wp:attachment":[{"href":"https:\/\/solidaridadnews.com\/index.php?rest_route=%2Fwp%2Fv2%2Fmedia&parent=34023"}],"wp:term":[{"taxonomy":"category","embeddable":true,"href":"https:\/\/solidaridadnews.com\/index.php?rest_route=%2Fwp%2Fv2%2Fcategories&post=34023"},{"taxonomy":"post_tag","embeddable":true,"href":"https:\/\/solidaridadnews.com\/index.php?rest_route=%2Fwp%2Fv2%2Ftags&post=34023"}],"curies":[{"name":"wp","href":"https:\/\/api.w.org\/{rel}","templated":true}]}}