{"id":33984,"date":"2024-06-26T11:56:52","date_gmt":"2024-06-26T16:56:52","guid":{"rendered":"https:\/\/solidaridadnews.com\/?p=33984"},"modified":"2024-06-26T16:56:53","modified_gmt":"2024-06-26T16:56:53","slug":"taxi-se-estrella-en-la-colonia-guadalupana","status":"publish","type":"post","link":"https:\/\/solidaridadnews.com\/?p=33984","title":{"rendered":"Taxi se estrella en la colonia Guadalupana"},"content":{"rendered":"<p>Esta ma\u00f1ana, un taxi fue abandonado luego de que su conductor se saliera de la vialidad y terminara chocando contra unos arboles en medio de la maleza, esto en la colonia Guadalupana de esta ciudad.<\/p>\n<p>Los hechos ocurrieron cerca de las 7 de la ma\u00f1ana, cuando el operador del taxi E-13 del sindicato \u201cL\u00e1zaro C\u00e1rdenas del R\u00edos\u201d, al parecer, perdi\u00f3 el control de su veh\u00edculo cuando estaba sobre la avenida Universidades con calle del Carme.<\/p>\n<p>Tras el percance, el chofer sali\u00f3 del auto por su propia cuenta y se retir\u00f3 del lugar, dejando abandonada la unidad de servicio p\u00fablico, que termin\u00f3 con la parte delantera destrozada por el impacto que tuvo con diversos \u00e1rboles.<\/p>\n<p>M\u00e1s tarde, arrib\u00f3 al sitio la polic\u00eda municipal, quien dispuso el traslado del coche al corral\u00f3n municipal con ayuda\u00a0de\u00a0una\u00a0gr\u00faa.<\/p>\n<p>&nbsp;<\/p>\n","protected":false},"excerpt":{"rendered":"<p>Esta ma\u00f1ana, un taxi fue abandonado luego de que su conductor se saliera de la vialidad y terminara chocando contra unos arboles en medio de la maleza, esto en la colonia Guadalupana de esta ciudad. Los hechos ocurrieron cerca de las 7 de la ma\u00f1ana, cuando el operador del taxi E-13 del sindicato \u201cL\u00e1zaro C\u00e1rdenas [&hellip;]<\/p>\n","protected":false},"author":1,"featured_media":33986,"comment_status":"open","ping_status":"closed","sticky":false,"template":"","format":"standard","meta":{"footnotes":""},"categories":[4],"tags":[],"class_list":["post-33984","post","type-post","status-publish","format-standard","has-post-thumbnail","hentry","category-local"],"_links":{"self":[{"href":"https:\/\/solidaridadnews.com\/index.php?rest_route=\/wp\/v2\/posts\/33984","targetHints":{"allow":["GET"]}}],"collection":[{"href":"https:\/\/solidaridadnews.com\/index.php?rest_route=\/wp\/v2\/posts"}],"about":[{"href":"https:\/\/solidaridadnews.com\/index.php?rest_route=\/wp\/v2\/types\/post"}],"author":[{"embeddable":true,"href":"https:\/\/solidaridadnews.com\/index.php?rest_route=\/wp\/v2\/users\/1"}],"replies":[{"embeddable":true,"href":"https:\/\/solidaridadnews.com\/index.php?rest_route=%2Fwp%2Fv2%2Fcomments&post=33984"}],"version-history":[{"count":1,"href":"https:\/\/solidaridadnews.com\/index.php?rest_route=\/wp\/v2\/posts\/33984\/revisions"}],"predecessor-version":[{"id":33985,"href":"https:\/\/solidaridadnews.com\/index.php?rest_route=\/wp\/v2\/posts\/33984\/revisions\/33985"}],"wp:featuredmedia":[{"embeddable":true,"href":"https:\/\/solidaridadnews.com\/index.php?rest_route=\/wp\/v2\/media\/33986"}],"wp:attachment":[{"href":"https:\/\/solidaridadnews.com\/index.php?rest_route=%2Fwp%2Fv2%2Fmedia&parent=33984"}],"wp:term":[{"taxonomy":"category","embeddable":true,"href":"https:\/\/solidaridadnews.com\/index.php?rest_route=%2Fwp%2Fv2%2Fcategories&post=33984"},{"taxonomy":"post_tag","embeddable":true,"href":"https:\/\/solidaridadnews.com\/index.php?rest_route=%2Fwp%2Fv2%2Ftags&post=33984"}],"curies":[{"name":"wp","href":"https:\/\/api.w.org\/{rel}","templated":true}]}}