{"id":33981,"date":"2024-06-26T11:51:13","date_gmt":"2024-06-26T16:51:13","guid":{"rendered":"https:\/\/solidaridadnews.com\/?p=33981"},"modified":"2024-06-26T16:51:14","modified_gmt":"2024-06-26T16:51:14","slug":"un-millon-863-mil-382-ciudadanos-deben-renovar-su-credencial-para-votar","status":"publish","type":"post","link":"https:\/\/solidaridadnews.com\/?p=33981","title":{"rendered":"Un mill\u00f3n 863 mil 382 ciudadanos deben renovar su credencial para votar"},"content":{"rendered":"<h4>Un mill\u00f3n 863 mil 382 ciudadanos deben renovar su credencial para votar<\/h4>\n<p>&nbsp;<\/p>\n<p>El Instituto Nacional Electoral (INE) hizo un llamado a todas y todos aquellos ciudadanos cuya credencial para votar perdi\u00f3 vigencia como documento de identificaci\u00f3n el pasado 3 de junio.<\/p>\n<p>Por medio de un comunicado, el INE apunt\u00f3 que un mill\u00f3n 863 mil 382 ciudadanos son quienes se encuentran en esta situaci\u00f3n, por lo que solicit\u00f3 que acudan a solicitar su renovaci\u00f3n.<\/p>\n<p>En noviembre del a\u00f1o pasado, el Consejo General del INE aprob\u00f3 la ampliaci\u00f3n de la vigencia de tres millones 861 mil 567 credenciales, para salvaguardar los derechos pol\u00edtico-electorales de las y los mexicanos que por cualquier motivo no pudieran actualizarla, a fin de que no perdieran la oportunidad de sufragar el d\u00eda de la Jornada Electoral del pasado 2 de junio.<\/p>\n<p>Es por ello que los registros de ciudadanas y ciudadanos cuyas identificaciones est\u00e1n en el supuesto de p\u00e9rdida de vigencia, fueron excluidos el pasado 3 de junio del Padr\u00f3n Electoral y de la Lista Nominal de Electores.<\/p>\n<p>Todas las personas que requieran actualizar su credencial para votar pueden acudir a uno de los 841 M\u00f3dulos de Atenci\u00f3n Ciudadana (MAC) del INE m\u00e1s cercano a su domicilio para solicitar el nuevo documento.<\/p>\n<p>La ciudadan\u00eda que acuda a los MAC a realizar su tr\u00e1mite deber\u00e1 presentar los siguientes documentos en original, sin tachaduras ni enmendaduras:<\/p>\n<p>Acta de nacimiento.<br \/>\nComprobante de domicilio no mayor a tres meses.<br \/>\nCredencial con vigencia 2023 vencida.<br \/>\nPara m\u00e1s informaci\u00f3n sobre la ubicaci\u00f3n de los MAC y los horarios de atenci\u00f3n, se invita a la ciudadan\u00eda a visitar el portal de internet: https:\/\/ubicatumodulo.ine.mx\/, o consultar las redes sociales del INE: https:\/\/www.facebook.com\/INEMexico y https:\/\/twitter.com\/inemexico.<\/p>\n","protected":false},"excerpt":{"rendered":"<p>Un mill\u00f3n 863 mil 382 ciudadanos deben renovar su credencial para votar &nbsp; El Instituto Nacional Electoral (INE) hizo un llamado a todas y todos aquellos ciudadanos cuya credencial para votar perdi\u00f3 vigencia como documento de identificaci\u00f3n el pasado 3 de junio. Por medio de un comunicado, el INE apunt\u00f3 que un mill\u00f3n 863 mil [&hellip;]<\/p>\n","protected":false},"author":1,"featured_media":33983,"comment_status":"open","ping_status":"closed","sticky":false,"template":"","format":"standard","meta":{"footnotes":""},"categories":[2],"tags":[],"class_list":["post-33981","post","type-post","status-publish","format-standard","has-post-thumbnail","hentry","category-nacional"],"_links":{"self":[{"href":"https:\/\/solidaridadnews.com\/index.php?rest_route=\/wp\/v2\/posts\/33981","targetHints":{"allow":["GET"]}}],"collection":[{"href":"https:\/\/solidaridadnews.com\/index.php?rest_route=\/wp\/v2\/posts"}],"about":[{"href":"https:\/\/solidaridadnews.com\/index.php?rest_route=\/wp\/v2\/types\/post"}],"author":[{"embeddable":true,"href":"https:\/\/solidaridadnews.com\/index.php?rest_route=\/wp\/v2\/users\/1"}],"replies":[{"embeddable":true,"href":"https:\/\/solidaridadnews.com\/index.php?rest_route=%2Fwp%2Fv2%2Fcomments&post=33981"}],"version-history":[{"count":1,"href":"https:\/\/solidaridadnews.com\/index.php?rest_route=\/wp\/v2\/posts\/33981\/revisions"}],"predecessor-version":[{"id":33982,"href":"https:\/\/solidaridadnews.com\/index.php?rest_route=\/wp\/v2\/posts\/33981\/revisions\/33982"}],"wp:featuredmedia":[{"embeddable":true,"href":"https:\/\/solidaridadnews.com\/index.php?rest_route=\/wp\/v2\/media\/33983"}],"wp:attachment":[{"href":"https:\/\/solidaridadnews.com\/index.php?rest_route=%2Fwp%2Fv2%2Fmedia&parent=33981"}],"wp:term":[{"taxonomy":"category","embeddable":true,"href":"https:\/\/solidaridadnews.com\/index.php?rest_route=%2Fwp%2Fv2%2Fcategories&post=33981"},{"taxonomy":"post_tag","embeddable":true,"href":"https:\/\/solidaridadnews.com\/index.php?rest_route=%2Fwp%2Fv2%2Ftags&post=33981"}],"curies":[{"name":"wp","href":"https:\/\/api.w.org\/{rel}","templated":true}]}}