{"id":33978,"date":"2024-06-26T11:48:56","date_gmt":"2024-06-26T16:48:56","guid":{"rendered":"https:\/\/solidaridadnews.com\/?p=33978"},"modified":"2024-06-26T16:48:57","modified_gmt":"2024-06-26T16:48:57","slug":"daniel-bisogno-revela-que-se-sometera-a-nuevo-procedimiento-medico-este-es-su-estado-de-salud","status":"publish","type":"post","link":"https:\/\/solidaridadnews.com\/?p=33978","title":{"rendered":"Daniel Bisogno revela que se someter\u00e1 a nuevo procedimiento m\u00e9dico; \u00e9ste es su estado de salud"},"content":{"rendered":"<h4>El conductor de &#8216;Ventaneando&#8217; revel\u00f3 que tendr\u00e1 que someterse a un nuevo procedimiento m\u00e9dico luego de haber superado su crisis de salud.<\/h4>\n<p>La salud de Daniel Bisogno nuevamente ha capturado la atenci\u00f3n de los espectadores luego de que en la m\u00e1s reciente transmisi\u00f3n de &#8216;Ventaneando&#8217; revelara que se someter\u00e1 a un nuevo procedimiento m\u00e9dico.<\/p>\n<p>Cabe recordar que a principios de a\u00f1o, Bisogno fue hospitalizado de emergencia y tras pasar varios d\u00edas en terapia intensiva, fue dado de alta y finaliz\u00f3 su recuperaci\u00f3n en casa para despu\u00e9s incorporarse a las transmisiones de &#8216;Ventaneando&#8217;.<\/p>\n<p>En la reciente transmisi\u00f3n del programa \u00abVentaneando\u00bb, Daniel Bisogno confes\u00f3 que se est\u00e1 preparando para reintegrarse a la obra de teatro que protagonizaba antes de ser hospitalizado de emergencia en los pr\u00f3ximos d\u00edas.<\/p>\n<p>El actor mencion\u00f3 que regresar\u00e1 a los escenarios en lo que llega \u00abla \u00faltima etapa del procedimiento m\u00e9dico\u00bb.\u00a0Sin entrar en detalles, el conductor dio una actualizaci\u00f3n sobre su estado de salud:<\/p>\n<p>\u00abYa estoy a punto de reintegrarme en lo que viene el \u00faltimo procedimiento\u00bb, coment\u00f3.<\/p>\n<p>En este sentido, \u00abEl Mu\u00f1eco\u00bb explic\u00f3 que se siente bastante bien para retomar su carrera como actor de teatro. Asegur\u00f3 que su vuelta a los escenarios podr\u00eda ocurrir a partir de la siguiente semana, es decir, el pr\u00f3ximo viernes 5 de julio.<\/p>\n<p>Sus compa\u00f1eros en el programa se alegraron por recibir la noticia. \u00abS\u00ed, me voy a integrar a la obra, me siento estupendamente bien\u00bb, afirm\u00f3.<br \/>\nEn febrero de este a\u00f1o, el programa de espect\u00e1culos \u00abVentaneando\u00bb inform\u00f3 que Daniel Bisogno, fue hospitalizado de emergencia. D\u00edas despu\u00e9s se revel\u00f3 que la causa fue una infecci\u00f3n en los pulmones que lo llev\u00f3 a pasar varios d\u00edas en cuidados intensivos, afortunadamente, el conductor fue mejorando su condici\u00f3n y fue dado de alta.<\/p>\n","protected":false},"excerpt":{"rendered":"<p>El conductor de &#8216;Ventaneando&#8217; revel\u00f3 que tendr\u00e1 que someterse a un nuevo procedimiento m\u00e9dico luego de haber superado su crisis de salud. La salud de Daniel Bisogno nuevamente ha capturado la atenci\u00f3n de los espectadores luego de que en la m\u00e1s reciente transmisi\u00f3n de &#8216;Ventaneando&#8217; revelara que se someter\u00e1 a un nuevo procedimiento m\u00e9dico. Cabe [&hellip;]<\/p>\n","protected":false},"author":1,"featured_media":33980,"comment_status":"open","ping_status":"closed","sticky":false,"template":"","format":"standard","meta":{"footnotes":""},"categories":[3],"tags":[],"class_list":["post-33978","post","type-post","status-publish","format-standard","has-post-thumbnail","hentry","category-espectaculos"],"_links":{"self":[{"href":"https:\/\/solidaridadnews.com\/index.php?rest_route=\/wp\/v2\/posts\/33978","targetHints":{"allow":["GET"]}}],"collection":[{"href":"https:\/\/solidaridadnews.com\/index.php?rest_route=\/wp\/v2\/posts"}],"about":[{"href":"https:\/\/solidaridadnews.com\/index.php?rest_route=\/wp\/v2\/types\/post"}],"author":[{"embeddable":true,"href":"https:\/\/solidaridadnews.com\/index.php?rest_route=\/wp\/v2\/users\/1"}],"replies":[{"embeddable":true,"href":"https:\/\/solidaridadnews.com\/index.php?rest_route=%2Fwp%2Fv2%2Fcomments&post=33978"}],"version-history":[{"count":1,"href":"https:\/\/solidaridadnews.com\/index.php?rest_route=\/wp\/v2\/posts\/33978\/revisions"}],"predecessor-version":[{"id":33979,"href":"https:\/\/solidaridadnews.com\/index.php?rest_route=\/wp\/v2\/posts\/33978\/revisions\/33979"}],"wp:featuredmedia":[{"embeddable":true,"href":"https:\/\/solidaridadnews.com\/index.php?rest_route=\/wp\/v2\/media\/33980"}],"wp:attachment":[{"href":"https:\/\/solidaridadnews.com\/index.php?rest_route=%2Fwp%2Fv2%2Fmedia&parent=33978"}],"wp:term":[{"taxonomy":"category","embeddable":true,"href":"https:\/\/solidaridadnews.com\/index.php?rest_route=%2Fwp%2Fv2%2Fcategories&post=33978"},{"taxonomy":"post_tag","embeddable":true,"href":"https:\/\/solidaridadnews.com\/index.php?rest_route=%2Fwp%2Fv2%2Ftags&post=33978"}],"curies":[{"name":"wp","href":"https:\/\/api.w.org\/{rel}","templated":true}]}}