{"id":33972,"date":"2024-06-26T11:23:21","date_gmt":"2024-06-26T16:23:21","guid":{"rendered":"https:\/\/solidaridadnews.com\/?p=33972"},"modified":"2024-06-26T16:23:22","modified_gmt":"2024-06-26T16:23:22","slug":"salomon-rondon-quiere-trascender-con-venezuela-en-esta-copa-america","status":"publish","type":"post","link":"https:\/\/solidaridadnews.com\/?p=33972","title":{"rendered":"Salom\u00f3n Rond\u00f3n quiere trascender con Venezuela en esta Copa Am\u00e9rica"},"content":{"rendered":"<div class=\"field field-name-field-teaser field-type-text field-label-hidden\">\n<div class=\"field-items\">\n<h4 class=\"field-item even\">El delantero de la Vinotinto se\u00f1al\u00f3 que no ser\u00e1 f\u00e1cil vencer a M\u00e9xico en esta Fase de Grupos<\/h4>\n<\/div>\n<\/div>\n<div class=\"field-items\"><\/div>\n<div>\n<p>Salom\u00f3n Rond\u00f3n, capit\u00e1n de la Selecci\u00f3n de Venezuela, convers\u00f3 con MARCA sobre las expectativas del equipo en la Copa Am\u00e9rica y su pr\u00f3ximo enfrentamiento contra M\u00e9xico en la segunda jornada del Grupo B. El delantero asegur\u00f3 que el equipo no tiene \u00abmiedo esc\u00e9nico\u00bb y est\u00e1 preparado para dar lo mejor en el torneo.<\/p>\n<p>Rond\u00f3n, quien ha tenido una destacada temporada con 19 goles, nueve en la ConcaChampions y 10 en Liga MX con Pachuca, se presenta como una pieza clave para su Selecci\u00f3n. Con 34 a\u00f1os, ha alcanzado logros importantes con los Tuzos, incluyendo el t\u00edtulo continental, el boleto al Mundial de Clubes de 2025 y el reconocimiento como MVP de la Final de la ConcaChampions.<\/p>\n<p>El delantero venezolano destac\u00f3 la importancia de la Copa Am\u00e9rica para consolidar el trabajo de la Selecci\u00f3n y mantener la fe en la posibilidad de llegar al Mundial de 2026. \u00abEsta Copa Am\u00e9rica la utilizaremos para seguir fortaleciendo lo que hemos consolidado como selecci\u00f3n y para continuar con esa fe porque llegar al mundial ser\u00eda algo fant\u00e1stico no solo para el equipo y la federaci\u00f3n, sino para el pa\u00eds\u00bb, afirm\u00f3 Rond\u00f3n.<\/p>\n<p>Rond\u00f3n tambi\u00e9n habl\u00f3 sobre la composici\u00f3n del equipo y el buen momento que atraviesan varios de sus jugadores, como Jhonder C\u00e1diz, Kervin Andrade y Telasco Segovia. \u00abHe estado bien en cuanto a goles con el Pachuca, Jhonder C\u00e1diz llega bien, tenemos varios jugadores j\u00f3venes como Kervin Andrade y Telasco Segovia, una amplia selecci\u00f3n de defensas y de mediocampistas\u00bb, coment\u00f3.<\/p>\n<p>Asimismo, el capit\u00e1n de la Vinotinto resalt\u00f3 que la competencia en la Copa Am\u00e9rica es alta y que enfrentar\u00e1n a selecciones fuertes como Ecuador, Jamaica y M\u00e9xico. \u00abEs un tema dif\u00edcil para el entrenador, pero es algo bueno para nosotros como futbolistas porque estamos demostrando que futbol\u00edsticamente vamos por m\u00e1s\u00bb, dijo.<\/p>\n<p>\u00abUna meta realista para m\u00ed ser\u00eda bastante irrespetuoso con los dem\u00e1s porque nos enfrentamos a Ecuador que tiene una selecci\u00f3n que en los \u00faltimos a\u00f1os ha venido creciendo y ha peleado en las eliminatorias y se ha logrado meter en un mundial como el de Qatar 2022\u00bb, explic\u00f3.<\/p>\n<p>El delantero tambi\u00e9n habl\u00f3 sobre el nivel de la selecci\u00f3n de Jamaica y la de M\u00e9xico, destacando la calidad de los jugadores en ambas selecciones. \u00abEn Jamaica la mayor\u00eda de sus jugadores est\u00e1n entre la Premier League y la Championship son ligas muy competitivas en las que el nivel f\u00edsico y t\u00e9cnico es muy alto. Y, finalmente, sobre M\u00e9xico llevan en su lista a jugadores j\u00f3venes pero con mucho talento\u00bb, afirm\u00f3.<\/p>\n<\/div>\n<div><\/div>\n","protected":false},"excerpt":{"rendered":"<p>El delantero de la Vinotinto se\u00f1al\u00f3 que no ser\u00e1 f\u00e1cil vencer a M\u00e9xico en esta Fase de Grupos Salom\u00f3n Rond\u00f3n, capit\u00e1n de la Selecci\u00f3n de Venezuela, convers\u00f3 con MARCA sobre las expectativas del equipo en la Copa Am\u00e9rica y su pr\u00f3ximo enfrentamiento contra M\u00e9xico en la segunda jornada del Grupo B. El delantero asegur\u00f3 que [&hellip;]<\/p>\n","protected":false},"author":1,"featured_media":33974,"comment_status":"open","ping_status":"closed","sticky":false,"template":"","format":"standard","meta":{"footnotes":""},"categories":[6],"tags":[],"class_list":["post-33972","post","type-post","status-publish","format-standard","has-post-thumbnail","hentry","category-deportes"],"_links":{"self":[{"href":"https:\/\/solidaridadnews.com\/index.php?rest_route=\/wp\/v2\/posts\/33972","targetHints":{"allow":["GET"]}}],"collection":[{"href":"https:\/\/solidaridadnews.com\/index.php?rest_route=\/wp\/v2\/posts"}],"about":[{"href":"https:\/\/solidaridadnews.com\/index.php?rest_route=\/wp\/v2\/types\/post"}],"author":[{"embeddable":true,"href":"https:\/\/solidaridadnews.com\/index.php?rest_route=\/wp\/v2\/users\/1"}],"replies":[{"embeddable":true,"href":"https:\/\/solidaridadnews.com\/index.php?rest_route=%2Fwp%2Fv2%2Fcomments&post=33972"}],"version-history":[{"count":1,"href":"https:\/\/solidaridadnews.com\/index.php?rest_route=\/wp\/v2\/posts\/33972\/revisions"}],"predecessor-version":[{"id":33973,"href":"https:\/\/solidaridadnews.com\/index.php?rest_route=\/wp\/v2\/posts\/33972\/revisions\/33973"}],"wp:featuredmedia":[{"embeddable":true,"href":"https:\/\/solidaridadnews.com\/index.php?rest_route=\/wp\/v2\/media\/33974"}],"wp:attachment":[{"href":"https:\/\/solidaridadnews.com\/index.php?rest_route=%2Fwp%2Fv2%2Fmedia&parent=33972"}],"wp:term":[{"taxonomy":"category","embeddable":true,"href":"https:\/\/solidaridadnews.com\/index.php?rest_route=%2Fwp%2Fv2%2Fcategories&post=33972"},{"taxonomy":"post_tag","embeddable":true,"href":"https:\/\/solidaridadnews.com\/index.php?rest_route=%2Fwp%2Fv2%2Ftags&post=33972"}],"curies":[{"name":"wp","href":"https:\/\/api.w.org\/{rel}","templated":true}]}}