{"id":33954,"date":"2024-06-25T11:04:50","date_gmt":"2024-06-25T16:04:50","guid":{"rendered":"https:\/\/solidaridadnews.com\/?p=33954"},"modified":"2024-06-25T16:04:52","modified_gmt":"2024-06-25T16:04:52","slug":"eduardo-ramirez-se-reune-con-el-presidente-municipal-electo-de-tuxtla-gutierrez","status":"publish","type":"post","link":"https:\/\/solidaridadnews.com\/?p=33954","title":{"rendered":"Eduardo Ram\u00edrez se re\u00fane con el presidente municipal electo de Tuxtla Guti\u00e9rrez"},"content":{"rendered":"<h4>En el encuentro dialogaron sobre temas fundamentales para el desarrollo de la capital chiapaneca<\/h4>\n<p>El gobernador electo de Chiapas, Eduardo Ram\u00edrez, sostuvo una reuni\u00f3n de trabajo con el alcalde, tambi\u00e9n electo, de Tuxtla Guti\u00e9rrez, \u00c1ngel Torres.<\/p>\n<p>El futuro mandatario estatal, a trav\u00e9s de sus redes sociales, public\u00f3 una fotograf\u00eda donde dio cuenta del encuentro y explic\u00f3 en qu\u00e9 consisti\u00f3.<\/p>\n<p>\u201cMe dio gusto sostener una reuni\u00f3n de trabajo con el presidente municipal electo de Tuxtla Guti\u00e9rrez, Angel Torres, quien no se qued\u00f3 en la fiesta de la victoria, sino en la construcci\u00f3n de los proyectos de movilidad urbana y la digitalizaci\u00f3n del servicio p\u00fablico\u201d.<\/p>\n<p>\u201cTambi\u00e9n hablamos sobre temas fundamentales para la seguridad p\u00fablica de las y los tuxtlecos, ya que se centralizar\u00e1, de manera coordinada entre el municipio y el estado, la sectorizaci\u00f3n de la vigilancia conforme a las colonias que sufren mayor incidencia delictiva, entre otros temas que pronto estaremos anunciando\u201d, finaliz\u00f3.<\/p>\n","protected":false},"excerpt":{"rendered":"<p>En el encuentro dialogaron sobre temas fundamentales para el desarrollo de la capital chiapaneca El gobernador electo de Chiapas, Eduardo Ram\u00edrez, sostuvo una reuni\u00f3n de trabajo con el alcalde, tambi\u00e9n electo, de Tuxtla Guti\u00e9rrez, \u00c1ngel Torres. El futuro mandatario estatal, a trav\u00e9s de sus redes sociales, public\u00f3 una fotograf\u00eda donde dio cuenta del encuentro y [&hellip;]<\/p>\n","protected":false},"author":1,"featured_media":33956,"comment_status":"open","ping_status":"closed","sticky":false,"template":"","format":"standard","meta":{"footnotes":""},"categories":[2],"tags":[],"class_list":["post-33954","post","type-post","status-publish","format-standard","has-post-thumbnail","hentry","category-nacional"],"_links":{"self":[{"href":"https:\/\/solidaridadnews.com\/index.php?rest_route=\/wp\/v2\/posts\/33954","targetHints":{"allow":["GET"]}}],"collection":[{"href":"https:\/\/solidaridadnews.com\/index.php?rest_route=\/wp\/v2\/posts"}],"about":[{"href":"https:\/\/solidaridadnews.com\/index.php?rest_route=\/wp\/v2\/types\/post"}],"author":[{"embeddable":true,"href":"https:\/\/solidaridadnews.com\/index.php?rest_route=\/wp\/v2\/users\/1"}],"replies":[{"embeddable":true,"href":"https:\/\/solidaridadnews.com\/index.php?rest_route=%2Fwp%2Fv2%2Fcomments&post=33954"}],"version-history":[{"count":1,"href":"https:\/\/solidaridadnews.com\/index.php?rest_route=\/wp\/v2\/posts\/33954\/revisions"}],"predecessor-version":[{"id":33955,"href":"https:\/\/solidaridadnews.com\/index.php?rest_route=\/wp\/v2\/posts\/33954\/revisions\/33955"}],"wp:featuredmedia":[{"embeddable":true,"href":"https:\/\/solidaridadnews.com\/index.php?rest_route=\/wp\/v2\/media\/33956"}],"wp:attachment":[{"href":"https:\/\/solidaridadnews.com\/index.php?rest_route=%2Fwp%2Fv2%2Fmedia&parent=33954"}],"wp:term":[{"taxonomy":"category","embeddable":true,"href":"https:\/\/solidaridadnews.com\/index.php?rest_route=%2Fwp%2Fv2%2Fcategories&post=33954"},{"taxonomy":"post_tag","embeddable":true,"href":"https:\/\/solidaridadnews.com\/index.php?rest_route=%2Fwp%2Fv2%2Ftags&post=33954"}],"curies":[{"name":"wp","href":"https:\/\/api.w.org\/{rel}","templated":true}]}}