{"id":33927,"date":"2024-06-24T10:45:23","date_gmt":"2024-06-24T15:45:23","guid":{"rendered":"https:\/\/solidaridadnews.com\/?p=33927"},"modified":"2024-06-24T15:45:24","modified_gmt":"2024-06-24T15:45:24","slug":"macarthur-fc-le-rescinde-el-contrato-al-futbolista-mexicano-ulises-davila","status":"publish","type":"post","link":"https:\/\/solidaridadnews.com\/?p=33927","title":{"rendered":"Macarthur FC le rescinde el contrato al futbolista mexicano Ulises D\u00e1vila"},"content":{"rendered":"<h4>En un sorprendente giro de los acontecimientos, el club Macarthur FC de la A-League Men ha rescindido el contrato de su capit\u00e1n Ulises D\u00e1vila. La decisi\u00f3n fue anunciada el mismo d\u00eda en que el mediocampista hizo su primera comparecencia ante el tribunal por acusaciones relacionadas con un supuesto esquema de arreglo de apuestas.<\/h4>\n<p>D\u00e1vila, quien hab\u00eda firmado una extensi\u00f3n de contrato por dos a\u00f1os con el club a principios de este a\u00f1o, parec\u00eda destinado a finalizar su carrera con los Bulls. Sin embargo, su futuro se torn\u00f3 incierto en mayo, cuando fue arrestado bajo sospecha de participar en un plan en el que los jugadores de Macarthur recib\u00edan intencionalmente tarjetas amarillas para beneficiar apuestas.<\/p>\n<p>El lunes, los Bulls emitieron un comunicado de dos l\u00edneas en el que informaban sobre la rescisi\u00f3n del contrato de D\u00e1vila, indicando que la separaci\u00f3n hab\u00eda sido \u201cmutua\u201d.<\/p>\n<p>La medida del club coincidi\u00f3 con la primera aparici\u00f3n de D\u00e1vila ante el tribunal desde que surgieron las acusaciones. Seg\u00fan las autoridades, el exganador de la medalla Johnny Warren de la liga actuaba como intermediario entre los jugadores de Macarthur y un grupo sudamericano que supuestamente lideraba el plan de arreglo de apuestas.<\/p>\n<p>Hasta el momento, D\u00e1vila no ha emitido una declaraci\u00f3n de culpabilidad. Adem\u00e1s de \u00e9l, otros dos jugadores de Macarthur tambi\u00e9n han sido arrestados y acusados en relaci\u00f3n con el esc\u00e1ndalo.<\/p>\n","protected":false},"excerpt":{"rendered":"<p>En un sorprendente giro de los acontecimientos, el club Macarthur FC de la A-League Men ha rescindido el contrato de su capit\u00e1n Ulises D\u00e1vila. La decisi\u00f3n fue anunciada el mismo d\u00eda en que el mediocampista hizo su primera comparecencia ante el tribunal por acusaciones relacionadas con un supuesto esquema de arreglo de apuestas. D\u00e1vila, quien [&hellip;]<\/p>\n","protected":false},"author":1,"featured_media":33929,"comment_status":"open","ping_status":"closed","sticky":false,"template":"","format":"standard","meta":{"footnotes":""},"categories":[6],"tags":[],"class_list":["post-33927","post","type-post","status-publish","format-standard","has-post-thumbnail","hentry","category-deportes"],"_links":{"self":[{"href":"https:\/\/solidaridadnews.com\/index.php?rest_route=\/wp\/v2\/posts\/33927","targetHints":{"allow":["GET"]}}],"collection":[{"href":"https:\/\/solidaridadnews.com\/index.php?rest_route=\/wp\/v2\/posts"}],"about":[{"href":"https:\/\/solidaridadnews.com\/index.php?rest_route=\/wp\/v2\/types\/post"}],"author":[{"embeddable":true,"href":"https:\/\/solidaridadnews.com\/index.php?rest_route=\/wp\/v2\/users\/1"}],"replies":[{"embeddable":true,"href":"https:\/\/solidaridadnews.com\/index.php?rest_route=%2Fwp%2Fv2%2Fcomments&post=33927"}],"version-history":[{"count":1,"href":"https:\/\/solidaridadnews.com\/index.php?rest_route=\/wp\/v2\/posts\/33927\/revisions"}],"predecessor-version":[{"id":33928,"href":"https:\/\/solidaridadnews.com\/index.php?rest_route=\/wp\/v2\/posts\/33927\/revisions\/33928"}],"wp:featuredmedia":[{"embeddable":true,"href":"https:\/\/solidaridadnews.com\/index.php?rest_route=\/wp\/v2\/media\/33929"}],"wp:attachment":[{"href":"https:\/\/solidaridadnews.com\/index.php?rest_route=%2Fwp%2Fv2%2Fmedia&parent=33927"}],"wp:term":[{"taxonomy":"category","embeddable":true,"href":"https:\/\/solidaridadnews.com\/index.php?rest_route=%2Fwp%2Fv2%2Fcategories&post=33927"},{"taxonomy":"post_tag","embeddable":true,"href":"https:\/\/solidaridadnews.com\/index.php?rest_route=%2Fwp%2Fv2%2Ftags&post=33927"}],"curies":[{"name":"wp","href":"https:\/\/api.w.org\/{rel}","templated":true}]}}