{"id":33915,"date":"2024-06-23T16:55:35","date_gmt":"2024-06-23T21:55:35","guid":{"rendered":"https:\/\/solidaridadnews.com\/?p=33915"},"modified":"2024-06-23T21:55:37","modified_gmt":"2024-06-23T21:55:37","slug":"papa-francisco-reclama-a-los-gobernantes-responsabilidad-para-acabar-con-las-guerras","status":"publish","type":"post","link":"https:\/\/solidaridadnews.com\/?p=33915","title":{"rendered":"Papa Francisco reclama a los gobernantes \u201cresponsabilidad\u201d para acabar con las guerras"},"content":{"rendered":"<p>El papa Francisco reclam\u00f3 a los gobernantes del mundo \u201csabidur\u00eda y sentido de la responsabilidad\u201d para negociar el fin de los distintos conflictos, como el de Ucrania o el de la Franja de Gaza.<\/p>\n<p>\u201cContinuemos rezando por la paz, especialmente en Ucrania, Palestina e Israel (\u2026) el norte del Congo\u201d, dijo el pont\u00edfice tras el rezo del \u00c1ngelus desde la ventana del Palacio Apost\u00f3lico, aludiendo a la presencia de una bandera israel\u00ed entre los fieles que le escuchaban desde la plaza de San Pedro.<\/p>\n<p>Y continu\u00f3: \u201cRecemos por la paz. La paz en la martirizada Ucrania, que sufre mucho\u201d.<\/p>\n<p>Francisco augur\u00f3 que \u201cel Esp\u00edritu Santo ilumine las mentes de los gobernantes e infunda en ellos sabidur\u00eda y sentido de responsabilidad para evitar toda acci\u00f3n o palabra que alimente el desencuentro y apostar con decisi\u00f3n a una soluci\u00f3n pac\u00edfica de los conflictos\u201d.<\/p>\n<p>\u201cEs preciso negociar\u201d, insisti\u00f3 el papa, que sigue con atenci\u00f3n y preocupaci\u00f3n estas guerras. Este s\u00e1bado recibi\u00f3 en audiencia al embajador ruso ante la Santa Sede, Ivan Soltanovsky.<\/p>\n","protected":false},"excerpt":{"rendered":"<p>El papa Francisco reclam\u00f3 a los gobernantes del mundo \u201csabidur\u00eda y sentido de la responsabilidad\u201d para negociar el fin de los distintos conflictos, como el de Ucrania o el de la Franja de Gaza. \u201cContinuemos rezando por la paz, especialmente en Ucrania, Palestina e Israel (\u2026) el norte del Congo\u201d, dijo el pont\u00edfice tras el [&hellip;]<\/p>\n","protected":false},"author":1,"featured_media":33917,"comment_status":"open","ping_status":"closed","sticky":false,"template":"","format":"standard","meta":{"footnotes":""},"categories":[9],"tags":[],"class_list":["post-33915","post","type-post","status-publish","format-standard","has-post-thumbnail","hentry","category-internacional"],"_links":{"self":[{"href":"https:\/\/solidaridadnews.com\/index.php?rest_route=\/wp\/v2\/posts\/33915","targetHints":{"allow":["GET"]}}],"collection":[{"href":"https:\/\/solidaridadnews.com\/index.php?rest_route=\/wp\/v2\/posts"}],"about":[{"href":"https:\/\/solidaridadnews.com\/index.php?rest_route=\/wp\/v2\/types\/post"}],"author":[{"embeddable":true,"href":"https:\/\/solidaridadnews.com\/index.php?rest_route=\/wp\/v2\/users\/1"}],"replies":[{"embeddable":true,"href":"https:\/\/solidaridadnews.com\/index.php?rest_route=%2Fwp%2Fv2%2Fcomments&post=33915"}],"version-history":[{"count":1,"href":"https:\/\/solidaridadnews.com\/index.php?rest_route=\/wp\/v2\/posts\/33915\/revisions"}],"predecessor-version":[{"id":33916,"href":"https:\/\/solidaridadnews.com\/index.php?rest_route=\/wp\/v2\/posts\/33915\/revisions\/33916"}],"wp:featuredmedia":[{"embeddable":true,"href":"https:\/\/solidaridadnews.com\/index.php?rest_route=\/wp\/v2\/media\/33917"}],"wp:attachment":[{"href":"https:\/\/solidaridadnews.com\/index.php?rest_route=%2Fwp%2Fv2%2Fmedia&parent=33915"}],"wp:term":[{"taxonomy":"category","embeddable":true,"href":"https:\/\/solidaridadnews.com\/index.php?rest_route=%2Fwp%2Fv2%2Fcategories&post=33915"},{"taxonomy":"post_tag","embeddable":true,"href":"https:\/\/solidaridadnews.com\/index.php?rest_route=%2Fwp%2Fv2%2Ftags&post=33915"}],"curies":[{"name":"wp","href":"https:\/\/api.w.org\/{rel}","templated":true}]}}