{"id":33912,"date":"2024-06-23T16:53:45","date_gmt":"2024-06-23T21:53:45","guid":{"rendered":"https:\/\/solidaridadnews.com\/?p=33912"},"modified":"2024-06-23T21:53:47","modified_gmt":"2024-06-23T21:53:47","slug":"iglesia-pide-denunciar-con-mas-fuerza-la-violencia-y-la-impunidad-en-mexico","status":"publish","type":"post","link":"https:\/\/solidaridadnews.com\/?p=33912","title":{"rendered":"Iglesia pide denunciar con m\u00e1s fuerza la violencia y la impunidad en M\u00e9xico"},"content":{"rendered":"<p>La Iglesia cat\u00f3lica pidi\u00f3 continuar el di\u00e1logo por la paz en el pa\u00eds al tiempo que llam\u00f3 a denunciar con m\u00e1s fuerza la violencia y la impunidad en M\u00e9xico tras dos a\u00f1os del asesinato de los jesuitas Javier Campos Morales y Joaqu\u00edn Mora Salazar, de 79 y 80 a\u00f1os, respectivamente.<\/p>\n<p>El 20 de junio de 2022, en Chihuahua, los jesuitas intentaron auxiliar y brindar protecci\u00f3n a un gu\u00eda de turistas, quien entr\u00f3 en la iglesia huyendo de personas armadas, por lo que fueron asesinados en la iglesia de Cerocahui, donde los sacerdotes serv\u00edan a pueblos de la Sierra Tarahumara.<\/p>\n<p>\u201cEstas dos muertes se sumaron a una larga lista de muertes y desapariciones violentas que vienen aconteciendo en las \u00faltimas d\u00e9cadas en el pa\u00eds\u201d, se\u00f1al\u00f3 la Arquidi\u00f3cesis de M\u00e9xico, en su editorial del semanario \u2018Desde la fe\u2018.<\/p>\n<p>\u201cTodos estos hechos nos han llamado a elevar la voz, a denunciar con m\u00e1s fuerza la violencia y la impunidad en M\u00e9xico, nos han urgido a exigir acciones inmediatas y eficaces para dejar de sentirnos inseguros, para tener justicia y verdad, para alcanzar la tan ansiada paz\u201d, a\u00f1adi\u00f3.<\/p>\n<p>El \u00f3rgano cat\u00f3lico record\u00f3 que la comunidad religiosa en M\u00e9xico promovi\u00f3 en el pa\u00eds jornadas de oraci\u00f3n, foros, conversatorios y el Di\u00e1logo Nacional por la Paz, realizado en septiembre de 2023.<\/p>\n<p>Lo que dio lugar a una serie de propuestas concretas expresadas en la Agenda Nacional de Paz y los Compromisos por la Paz presentados y firmados por las dos candidatas y el candidato a la presidencia de M\u00e9xico, rumbo a las elecciones del pasado 2 de junio, adem\u00e1s de muchos otros contendientes a cargos p\u00fablicos en el pa\u00eds.<\/p>\n<p>\u201cEste es el llamado que hoy hacemos: es urgente seguir el di\u00e1logo entre nosotros y con quienes firmaron los \u2018Compromisos por la Paz\u2018, como la presidente electa, Claudia Sheinbaum\u201c, apunt\u00f3 el texto.<\/p>\n<p>La Arquidi\u00f3cesis de M\u00e9xico se\u00f1al\u00f3 que la sangre derramada en Cerocahui, y todo el sufrimiento de las v\u00edctimas de la violencia en M\u00e9xico, desapariciones, desplazamientos forzados, nos conmueven y comprometen.<\/p>\n<p>\u201cEstamos convencidos de que no hay punto final en la construcci\u00f3n de paz de un pa\u00eds, sino que es una tarea que no da tregua y que exige el compromiso de todos\u201d, indic\u00f3 la Iglesia cat\u00f3lica mexicana.<\/p>\n<p>D\u00edas despu\u00e9s, en la misa de cuerpo presente celebrada por la muerte de los sacerdotes jesuitas, religiosos de esa congregaci\u00f3n pidieron al presidente de M\u00e9xico, Andr\u00e9s Manuel L\u00f3pez Obrador, revisar su estrategia de seguridad y se\u00f1alaron que el pa\u00eds est\u00e1 invadido por la violencia.<\/p>\n<p>Al respecto, L\u00f3pez Obrador prometi\u00f3 que se investigar\u00eda \u201ca fondo\u201d el doble asesinato.<\/p>\n<p>Mientras tanto, la Arquidi\u00f3cesis dijo en aquellos d\u00edas que la promesa (de las autoridades) de atrapar al asesino de estos sacerdotes jesuitas \u201cno\u201d era suficiente, pues capturar \u201ca un l\u00edder del crimen organizado no resolver\u00e1 la violencia en M\u00e9xico\u201d.<\/p>\n","protected":false},"excerpt":{"rendered":"<p>La Iglesia cat\u00f3lica pidi\u00f3 continuar el di\u00e1logo por la paz en el pa\u00eds al tiempo que llam\u00f3 a denunciar con m\u00e1s fuerza la violencia y la impunidad en M\u00e9xico tras dos a\u00f1os del asesinato de los jesuitas Javier Campos Morales y Joaqu\u00edn Mora Salazar, de 79 y 80 a\u00f1os, respectivamente. El 20 de junio de [&hellip;]<\/p>\n","protected":false},"author":1,"featured_media":33914,"comment_status":"open","ping_status":"closed","sticky":false,"template":"","format":"standard","meta":{"footnotes":""},"categories":[2],"tags":[],"class_list":["post-33912","post","type-post","status-publish","format-standard","has-post-thumbnail","hentry","category-nacional"],"_links":{"self":[{"href":"https:\/\/solidaridadnews.com\/index.php?rest_route=\/wp\/v2\/posts\/33912","targetHints":{"allow":["GET"]}}],"collection":[{"href":"https:\/\/solidaridadnews.com\/index.php?rest_route=\/wp\/v2\/posts"}],"about":[{"href":"https:\/\/solidaridadnews.com\/index.php?rest_route=\/wp\/v2\/types\/post"}],"author":[{"embeddable":true,"href":"https:\/\/solidaridadnews.com\/index.php?rest_route=\/wp\/v2\/users\/1"}],"replies":[{"embeddable":true,"href":"https:\/\/solidaridadnews.com\/index.php?rest_route=%2Fwp%2Fv2%2Fcomments&post=33912"}],"version-history":[{"count":1,"href":"https:\/\/solidaridadnews.com\/index.php?rest_route=\/wp\/v2\/posts\/33912\/revisions"}],"predecessor-version":[{"id":33913,"href":"https:\/\/solidaridadnews.com\/index.php?rest_route=\/wp\/v2\/posts\/33912\/revisions\/33913"}],"wp:featuredmedia":[{"embeddable":true,"href":"https:\/\/solidaridadnews.com\/index.php?rest_route=\/wp\/v2\/media\/33914"}],"wp:attachment":[{"href":"https:\/\/solidaridadnews.com\/index.php?rest_route=%2Fwp%2Fv2%2Fmedia&parent=33912"}],"wp:term":[{"taxonomy":"category","embeddable":true,"href":"https:\/\/solidaridadnews.com\/index.php?rest_route=%2Fwp%2Fv2%2Fcategories&post=33912"},{"taxonomy":"post_tag","embeddable":true,"href":"https:\/\/solidaridadnews.com\/index.php?rest_route=%2Fwp%2Fv2%2Ftags&post=33912"}],"curies":[{"name":"wp","href":"https:\/\/api.w.org\/{rel}","templated":true}]}}