{"id":33906,"date":"2024-06-23T16:49:07","date_gmt":"2024-06-23T21:49:07","guid":{"rendered":"https:\/\/solidaridadnews.com\/?p=33906"},"modified":"2024-06-23T21:49:08","modified_gmt":"2024-06-23T21:49:08","slug":"sergio-checo-perez-tras-el-gran-premio-de-espana-vamos-en-el-camino-correcto","status":"publish","type":"post","link":"https:\/\/solidaridadnews.com\/?p=33906","title":{"rendered":"Sergio &#8216;Checo&#8217; Perez tras el Gran Premio de Espa\u00f1a: \u00abVamos en el camino correcto\u00bb"},"content":{"rendered":"<p>Este domingo Sergio &#8216;Checo&#8217; P\u00e9rez qued\u00f3 en octavo lugar en el Gran Premio de Espa\u00f1a despu\u00e9s de haber largado en la posici\u00f3n 11, esto luego de haber recibido una sanci\u00f3n en el GP de Canad\u00e1, lo que le cost\u00f3 tres posiciones en esta carrera.<\/p>\n<p>Checo, que termin\u00f3 en la posici\u00f3n ocho despu\u00e9s de la bandera a cuadros en el que puede ser el pen\u00faltimo Gran Premio de Espa\u00f1a que se corra en Montmel\u00f3, asegur\u00f3 que van en buen camino y que esperan poder llegar mejor al Gran Premio de Austria.<\/p>\n<p>\u00abLo dimos todos para entrar en los puntos, gran carrera de Max, que ganas de estar en Austria. Vamos en el camino correcto\u00bb, coment\u00f3 el piloto de Red Bull en una publicaci\u00f3n en redes sociales.<\/p>\n<p>Checo P\u00e9rez volvi\u00f3 a los puntos despu\u00e9s de haber quedado fuera de los Grandes Premios de M\u00f3naco y de Canad\u00e1, ahora el mexicano tendr\u00e1 la oportunidad de seguir ascendiendo cuando se corra el Gran Premio de Austria en el Red Bull AM Ring.<\/p>\n","protected":false},"excerpt":{"rendered":"<p>Este domingo Sergio &#8216;Checo&#8217; P\u00e9rez qued\u00f3 en octavo lugar en el Gran Premio de Espa\u00f1a despu\u00e9s de haber largado en la posici\u00f3n 11, esto luego de haber recibido una sanci\u00f3n en el GP de Canad\u00e1, lo que le cost\u00f3 tres posiciones en esta carrera. Checo, que termin\u00f3 en la posici\u00f3n ocho despu\u00e9s de la bandera [&hellip;]<\/p>\n","protected":false},"author":1,"featured_media":33908,"comment_status":"open","ping_status":"closed","sticky":false,"template":"","format":"standard","meta":{"footnotes":""},"categories":[6],"tags":[],"class_list":["post-33906","post","type-post","status-publish","format-standard","has-post-thumbnail","hentry","category-deportes"],"_links":{"self":[{"href":"https:\/\/solidaridadnews.com\/index.php?rest_route=\/wp\/v2\/posts\/33906","targetHints":{"allow":["GET"]}}],"collection":[{"href":"https:\/\/solidaridadnews.com\/index.php?rest_route=\/wp\/v2\/posts"}],"about":[{"href":"https:\/\/solidaridadnews.com\/index.php?rest_route=\/wp\/v2\/types\/post"}],"author":[{"embeddable":true,"href":"https:\/\/solidaridadnews.com\/index.php?rest_route=\/wp\/v2\/users\/1"}],"replies":[{"embeddable":true,"href":"https:\/\/solidaridadnews.com\/index.php?rest_route=%2Fwp%2Fv2%2Fcomments&post=33906"}],"version-history":[{"count":1,"href":"https:\/\/solidaridadnews.com\/index.php?rest_route=\/wp\/v2\/posts\/33906\/revisions"}],"predecessor-version":[{"id":33907,"href":"https:\/\/solidaridadnews.com\/index.php?rest_route=\/wp\/v2\/posts\/33906\/revisions\/33907"}],"wp:featuredmedia":[{"embeddable":true,"href":"https:\/\/solidaridadnews.com\/index.php?rest_route=\/wp\/v2\/media\/33908"}],"wp:attachment":[{"href":"https:\/\/solidaridadnews.com\/index.php?rest_route=%2Fwp%2Fv2%2Fmedia&parent=33906"}],"wp:term":[{"taxonomy":"category","embeddable":true,"href":"https:\/\/solidaridadnews.com\/index.php?rest_route=%2Fwp%2Fv2%2Fcategories&post=33906"},{"taxonomy":"post_tag","embeddable":true,"href":"https:\/\/solidaridadnews.com\/index.php?rest_route=%2Fwp%2Fv2%2Ftags&post=33906"}],"curies":[{"name":"wp","href":"https:\/\/api.w.org\/{rel}","templated":true}]}}