{"id":33849,"date":"2024-06-20T10:44:23","date_gmt":"2024-06-20T15:44:23","guid":{"rendered":"https:\/\/solidaridadnews.com\/?p=33849"},"modified":"2024-06-20T15:44:25","modified_gmt":"2024-06-20T15:44:25","slug":"aumenta-seguridad-nautica","status":"publish","type":"post","link":"https:\/\/solidaridadnews.com\/?p=33849","title":{"rendered":"Aumenta seguridad n\u00e1utica"},"content":{"rendered":"<p>Incrementan medidas de seguridad en embarcaciones con turistas en mal tiempo para prevenir cualquier tipo de percance en el agua con el temporal, por lo que los prestadores de turismo n\u00e1utico de Playa del Carmen se mantienen alertas de las indicaciones de las autoridades portuarias.<\/p>\n<p>Esto para cuidar al turismo, cumpliendo con los protocolos de seguridad para protecci\u00f3n del turismo y la tripulaci\u00f3n.<\/p>\n<p>As\u00ed lo dio a conocer el secretario de la Cooperativa Tur\u00edstica \u201cMar Caribe\u201d, Jos\u00e9 G\u00f3mez Burgos, quien tambi\u00e9n, dijo que cumplen con las medidas al interior de las embarcaciones con el equipamiento y tambi\u00e9n con el l\u00edmite en pasajeros en los botes de 25 pies de eslora.<\/p>\n","protected":false},"excerpt":{"rendered":"<p>Incrementan medidas de seguridad en embarcaciones con turistas en mal tiempo para prevenir cualquier tipo de percance en el agua con el temporal, por lo que los prestadores de turismo n\u00e1utico de Playa del Carmen se mantienen alertas de las indicaciones de las autoridades portuarias. Esto para cuidar al turismo, cumpliendo con los protocolos de [&hellip;]<\/p>\n","protected":false},"author":1,"featured_media":33851,"comment_status":"open","ping_status":"closed","sticky":false,"template":"","format":"standard","meta":{"footnotes":""},"categories":[4],"tags":[],"class_list":["post-33849","post","type-post","status-publish","format-standard","has-post-thumbnail","hentry","category-local"],"_links":{"self":[{"href":"https:\/\/solidaridadnews.com\/index.php?rest_route=\/wp\/v2\/posts\/33849","targetHints":{"allow":["GET"]}}],"collection":[{"href":"https:\/\/solidaridadnews.com\/index.php?rest_route=\/wp\/v2\/posts"}],"about":[{"href":"https:\/\/solidaridadnews.com\/index.php?rest_route=\/wp\/v2\/types\/post"}],"author":[{"embeddable":true,"href":"https:\/\/solidaridadnews.com\/index.php?rest_route=\/wp\/v2\/users\/1"}],"replies":[{"embeddable":true,"href":"https:\/\/solidaridadnews.com\/index.php?rest_route=%2Fwp%2Fv2%2Fcomments&post=33849"}],"version-history":[{"count":1,"href":"https:\/\/solidaridadnews.com\/index.php?rest_route=\/wp\/v2\/posts\/33849\/revisions"}],"predecessor-version":[{"id":33850,"href":"https:\/\/solidaridadnews.com\/index.php?rest_route=\/wp\/v2\/posts\/33849\/revisions\/33850"}],"wp:featuredmedia":[{"embeddable":true,"href":"https:\/\/solidaridadnews.com\/index.php?rest_route=\/wp\/v2\/media\/33851"}],"wp:attachment":[{"href":"https:\/\/solidaridadnews.com\/index.php?rest_route=%2Fwp%2Fv2%2Fmedia&parent=33849"}],"wp:term":[{"taxonomy":"category","embeddable":true,"href":"https:\/\/solidaridadnews.com\/index.php?rest_route=%2Fwp%2Fv2%2Fcategories&post=33849"},{"taxonomy":"post_tag","embeddable":true,"href":"https:\/\/solidaridadnews.com\/index.php?rest_route=%2Fwp%2Fv2%2Ftags&post=33849"}],"curies":[{"name":"wp","href":"https:\/\/api.w.org\/{rel}","templated":true}]}}