{"id":33840,"date":"2024-06-20T10:34:24","date_gmt":"2024-06-20T15:34:24","guid":{"rendered":"https:\/\/solidaridadnews.com\/?p=33840"},"modified":"2024-06-20T15:34:26","modified_gmt":"2024-06-20T15:34:26","slug":"danna-paola-se-olvida-de-mexico-y-manda-mensaje-de-aliento-a-la-seleccion-espanola","status":"publish","type":"post","link":"https:\/\/solidaridadnews.com\/?p=33840","title":{"rendered":"Danna Paola se \u2018olvida\u2019 de M\u00e9xico y manda mensaje de aliento a la Selecci\u00f3n Espa\u00f1ola"},"content":{"rendered":"<p>La cantante mexicana Danna Paola vuelve causar revuelo en redes sociales a consecuencia de sus declaraciones, pues esta vez volvi\u00f3 a generar pol\u00e9mica al mandar un mensaje de aliento a la Selecci\u00f3n de Espa\u00f1a para la Eurocopa y \u2018olvidarse\u2019 de M\u00e9xico en la Copa Am\u00e9rica.<\/p>\n<p>Danna Paola, quien estuvo como invitada en el programa de televisi\u00f3n espa\u00f1ola \u2018La Resistencia\u2019, declar\u00f3 que ve bastante futbol gracias a su novio y el presentar del show, David Broncano, le pidi\u00f3 a la cantante mexicana un mensaje de apoyo para Espa\u00f1a en la Eurocopa y Danna no dud\u00f3 en mandar su apoyo.<\/p>\n<p>El propio presentador quien fue que le pidi\u00f3 el mensaje de apoyo a Danna Paola se\u00f1al\u00f3 que M\u00e9xico y Espa\u00f1a no compiten entre s\u00ed, pero de todos modos le se\u00f1al\u00f3 que el mensaje de aliento fuera peque\u00f1o y que el har\u00eda llegarles el video a los jugadores de Espa\u00f1a a lo que Danna mencion\u00f3: \u201c\u00c9chenle ganitas\u201d<\/p>\n<p>Estas declaraciones hechas durante el programa en vivo tuvieron bastante repercusi\u00f3n en redes sociales, pues usuarios mexicanos se\u00f1alaron que no es la primera ocasi\u00f3n en la que Danna Paola \u2018prefiere\u2019 a Espa\u00f1a sobre M\u00e9xico.<\/p>\n","protected":false},"excerpt":{"rendered":"<p>La cantante mexicana Danna Paola vuelve causar revuelo en redes sociales a consecuencia de sus declaraciones, pues esta vez volvi\u00f3 a generar pol\u00e9mica al mandar un mensaje de aliento a la Selecci\u00f3n de Espa\u00f1a para la Eurocopa y \u2018olvidarse\u2019 de M\u00e9xico en la Copa Am\u00e9rica. Danna Paola, quien estuvo como invitada en el programa de [&hellip;]<\/p>\n","protected":false},"author":1,"featured_media":33842,"comment_status":"open","ping_status":"closed","sticky":false,"template":"","format":"standard","meta":{"footnotes":""},"categories":[3],"tags":[],"class_list":["post-33840","post","type-post","status-publish","format-standard","has-post-thumbnail","hentry","category-espectaculos"],"_links":{"self":[{"href":"https:\/\/solidaridadnews.com\/index.php?rest_route=\/wp\/v2\/posts\/33840","targetHints":{"allow":["GET"]}}],"collection":[{"href":"https:\/\/solidaridadnews.com\/index.php?rest_route=\/wp\/v2\/posts"}],"about":[{"href":"https:\/\/solidaridadnews.com\/index.php?rest_route=\/wp\/v2\/types\/post"}],"author":[{"embeddable":true,"href":"https:\/\/solidaridadnews.com\/index.php?rest_route=\/wp\/v2\/users\/1"}],"replies":[{"embeddable":true,"href":"https:\/\/solidaridadnews.com\/index.php?rest_route=%2Fwp%2Fv2%2Fcomments&post=33840"}],"version-history":[{"count":1,"href":"https:\/\/solidaridadnews.com\/index.php?rest_route=\/wp\/v2\/posts\/33840\/revisions"}],"predecessor-version":[{"id":33841,"href":"https:\/\/solidaridadnews.com\/index.php?rest_route=\/wp\/v2\/posts\/33840\/revisions\/33841"}],"wp:featuredmedia":[{"embeddable":true,"href":"https:\/\/solidaridadnews.com\/index.php?rest_route=\/wp\/v2\/media\/33842"}],"wp:attachment":[{"href":"https:\/\/solidaridadnews.com\/index.php?rest_route=%2Fwp%2Fv2%2Fmedia&parent=33840"}],"wp:term":[{"taxonomy":"category","embeddable":true,"href":"https:\/\/solidaridadnews.com\/index.php?rest_route=%2Fwp%2Fv2%2Fcategories&post=33840"},{"taxonomy":"post_tag","embeddable":true,"href":"https:\/\/solidaridadnews.com\/index.php?rest_route=%2Fwp%2Fv2%2Ftags&post=33840"}],"curies":[{"name":"wp","href":"https:\/\/api.w.org\/{rel}","templated":true}]}}