{"id":33837,"date":"2024-06-20T10:32:43","date_gmt":"2024-06-20T15:32:43","guid":{"rendered":"https:\/\/solidaridadnews.com\/?p=33837"},"modified":"2024-06-20T15:32:44","modified_gmt":"2024-06-20T15:32:44","slug":"luis-chavez-niega-dejar-europa-para-volver-a-mexico-me-costo-uno-y-la-mitad-del-otro-irme","status":"publish","type":"post","link":"https:\/\/solidaridadnews.com\/?p=33837","title":{"rendered":"Luis Ch\u00e1vez niega dejar Europa para volver a M\u00e9xico: \u201cMe cost\u00f3 uno y la mitad del otro irme\u201d"},"content":{"rendered":"<p>Luis Ch\u00e1vez se queda en Europa. Cada vez es m\u00e1s complicado ver a futbolistas mexicanos en el viejo continente, es por eso que se valora bastante los sacrificios que hace jugadores como Luis Ch\u00e1vez, quien tom\u00f3 la decisi\u00f3n ir a Rusia y no est\u00e1 en sus planes volver a M\u00e9xico.<\/p>\n<p>Previo al debut de M\u00e9xico en la Copa Am\u00e9rica, Luis Ch\u00e1vez mencion\u00f3 que est\u00e1 contento por haber fichado por el Dinamo de Mosc\u00fa y a pesar de las criticas que recibi\u00f3 en su momento por dejar la Liga MX y jugar en la Liga Premier de Rusia, en sus planes no est\u00e1 volver a M\u00e9xico, como s\u00ed lo han hecho algunos otros futbolistas mexicanos.<\/p>\n<p>\u00abNo (no quiero volver a M\u00e9xico), me cost\u00f3 uno y la mitad del otro irme, tenerme ah\u00ed que discutir con algunas gentes para irme, volver ser\u00eda tirar por la borda todo ese esfuerzo\u201d, declar\u00f3 en entrevista para TUDN.<\/p>\n<p>El canterano de Pachuca reconoce que estos primeros meses jugando para el Dinamo de Mosc\u00fa la adaptaci\u00f3n no ha sido f\u00e1cil y menciona la posibilidad que las criticas que recibi\u00f3 por la prensa pudieron ser para obligarlo a volver a la Liga MX, pero su decisi\u00f3n de quedarse en Europa no cambia, pues se siente mejor futbolista de lo que era en M\u00e9xico.<\/p>\n<p>\u00abEn general ha sido bueno, me cost\u00f3 adaptarme a la liga, al idioma no me acostumbro, pero trato de adaptarme lo m\u00e1s r\u00e1pido posible, no s\u00e9 si la prensa dec\u00eda que iba a volver a estar aqu\u00ed despu\u00e9s de irme, no s\u00e9 si era para desanimarme, la verdad que siempre estuve en mi cabeza con la idea de salir, de salir de la zona de confort, crecer, estar all\u00e1, no puedo decir lo que me ha hecho aprender, o no soy el mismo jugador que cuando estaba en M\u00e9xico\u00bb, sentenci\u00f3 Ch\u00e1vez.<\/p>\n<p>Ch\u00e1vez se qued\u00f3 a la orilla de levantar su primer t\u00edtulo en Europa con el Dinamo de Mosc\u00fa en su temporada de debut al quedar subcampe\u00f3n de la Liga Premier de Rusia, adem\u00e1s de que fue nominado a mejor mediocampista de la temporada.<\/p>\n","protected":false},"excerpt":{"rendered":"<p>Luis Ch\u00e1vez se queda en Europa. Cada vez es m\u00e1s complicado ver a futbolistas mexicanos en el viejo continente, es por eso que se valora bastante los sacrificios que hace jugadores como Luis Ch\u00e1vez, quien tom\u00f3 la decisi\u00f3n ir a Rusia y no est\u00e1 en sus planes volver a M\u00e9xico. Previo al debut de M\u00e9xico [&hellip;]<\/p>\n","protected":false},"author":1,"featured_media":33839,"comment_status":"open","ping_status":"closed","sticky":false,"template":"","format":"standard","meta":{"footnotes":""},"categories":[6],"tags":[],"class_list":["post-33837","post","type-post","status-publish","format-standard","has-post-thumbnail","hentry","category-deportes"],"_links":{"self":[{"href":"https:\/\/solidaridadnews.com\/index.php?rest_route=\/wp\/v2\/posts\/33837","targetHints":{"allow":["GET"]}}],"collection":[{"href":"https:\/\/solidaridadnews.com\/index.php?rest_route=\/wp\/v2\/posts"}],"about":[{"href":"https:\/\/solidaridadnews.com\/index.php?rest_route=\/wp\/v2\/types\/post"}],"author":[{"embeddable":true,"href":"https:\/\/solidaridadnews.com\/index.php?rest_route=\/wp\/v2\/users\/1"}],"replies":[{"embeddable":true,"href":"https:\/\/solidaridadnews.com\/index.php?rest_route=%2Fwp%2Fv2%2Fcomments&post=33837"}],"version-history":[{"count":1,"href":"https:\/\/solidaridadnews.com\/index.php?rest_route=\/wp\/v2\/posts\/33837\/revisions"}],"predecessor-version":[{"id":33838,"href":"https:\/\/solidaridadnews.com\/index.php?rest_route=\/wp\/v2\/posts\/33837\/revisions\/33838"}],"wp:featuredmedia":[{"embeddable":true,"href":"https:\/\/solidaridadnews.com\/index.php?rest_route=\/wp\/v2\/media\/33839"}],"wp:attachment":[{"href":"https:\/\/solidaridadnews.com\/index.php?rest_route=%2Fwp%2Fv2%2Fmedia&parent=33837"}],"wp:term":[{"taxonomy":"category","embeddable":true,"href":"https:\/\/solidaridadnews.com\/index.php?rest_route=%2Fwp%2Fv2%2Fcategories&post=33837"},{"taxonomy":"post_tag","embeddable":true,"href":"https:\/\/solidaridadnews.com\/index.php?rest_route=%2Fwp%2Fv2%2Ftags&post=33837"}],"curies":[{"name":"wp","href":"https:\/\/api.w.org\/{rel}","templated":true}]}}