{"id":33828,"date":"2024-06-19T11:44:22","date_gmt":"2024-06-19T16:44:22","guid":{"rendered":"https:\/\/solidaridadnews.com\/?p=33828"},"modified":"2024-06-19T16:44:23","modified_gmt":"2024-06-19T16:44:23","slug":"amlo-asegura-que-plan-migratorio-de-biden-es-tan-bueno-que-trump-se-opuso","status":"publish","type":"post","link":"https:\/\/solidaridadnews.com\/?p=33828","title":{"rendered":"AMLO asegura que plan migratorio de Biden es \u201ctan bueno, que Trump se opuso\u201d"},"content":{"rendered":"<p>El presidente mexicano, Andr\u00e9s Manuel L\u00f3pez Obrador, consider\u00f3 este mi\u00e9rcoles que es \u201ctan bueno\u201d el plan de regularizaci\u00f3n migratoria del mandatario estadounidense, Joe Biden, que el precandidato presidencial republicano Donald Trump \u201cse opuso\u201d.<\/p>\n<p>En la conferencia matutina de Palacio Nacional, L\u00f3pez Obrador indic\u00f3 que Biden est\u00e1 cumpliendo con su plan migratorio, y que Trump est\u00e1 en su papel de candidato de oponerse.<\/p>\n<p>Fue muy bueno, tan fue muy bueno, que el precandidato, nuestro amigo Donald Trump, se opuso. Entonces quiere decir que s\u00ed fue buena la medida, y ya el presidente Biden est\u00e1 cumpliendo y el expresidente Donald Trump pues est\u00e1 en su papel\u201d, opin\u00f3 L\u00f3pez Obrador en su conferencia matutina.<\/p>\n<p>El gobernante mexicano celebr\u00f3 la medida anunciada por la Casa Blanca el martes para que indocumentados que est\u00e1n casados con estadounidenses y sus hijos sin estatus legal obtengan un permiso de residencia y protecciones contra la deportaci\u00f3n.<\/p>\n<p>Cerca de 500 mil c\u00f3nyuges y 50 mil hijos de ciudadanos estadounidenses, la gran mayor\u00eda mexicanos o mexico-estadounidenses, podr\u00edan beneficiarse de este proceso, seg\u00fan estima la Secretar\u00eda de Relaciones Exteriores (SRE) de M\u00e9xico.<\/p>\n<p>\u201cAgradecemos mucho al presidente Biden por el anuncio de ayer, aun con sus limitaciones, ya las parejas de estadounidenses y mexicanos se van a poder regularizar despu\u00e9s de 10 a\u00f1os de estar juntos y casados, y lo mismo sus hijos y sus familias. Se benefician como 400 mil o 500 mil mexicanos\u201d, coment\u00f3 L\u00f3pez Obrador.<\/p>\n<p>El nuevo alivio migratorio es uno de los m\u00e1s importantes desde que la Administraci\u00f3n de Barack Obama cre\u00f3 en 2012 el programa de Acci\u00f3n Diferida para los Llegados en la Infancia (DACA, en ingl\u00e9s).<\/p>\n<p>La medida se anuncia cinco meses antes de que Biden y Trump se enfrenten en las elecciones presidenciales de Estados Unidos, donde la migraci\u00f3n ha sido tema central y el ganador tratar\u00e1 con la pr\u00f3xima presidenta de M\u00e9xico, Claudia Sheinbaum, del mismo partido de L\u00f3pez Obrador.<\/p>\n<p>\u201cNosotros llevamos buenas relaciones con los dos\u201d, sostuvo el actual mandatario mexicano.<\/p>\n","protected":false},"excerpt":{"rendered":"<p>El presidente mexicano, Andr\u00e9s Manuel L\u00f3pez Obrador, consider\u00f3 este mi\u00e9rcoles que es \u201ctan bueno\u201d el plan de regularizaci\u00f3n migratoria del mandatario estadounidense, Joe Biden, que el precandidato presidencial republicano Donald Trump \u201cse opuso\u201d. En la conferencia matutina de Palacio Nacional, L\u00f3pez Obrador indic\u00f3 que Biden est\u00e1 cumpliendo con su plan migratorio, y que Trump est\u00e1 [&hellip;]<\/p>\n","protected":false},"author":1,"featured_media":33830,"comment_status":"open","ping_status":"closed","sticky":false,"template":"","format":"standard","meta":{"footnotes":""},"categories":[9],"tags":[],"class_list":["post-33828","post","type-post","status-publish","format-standard","has-post-thumbnail","hentry","category-internacional"],"_links":{"self":[{"href":"https:\/\/solidaridadnews.com\/index.php?rest_route=\/wp\/v2\/posts\/33828","targetHints":{"allow":["GET"]}}],"collection":[{"href":"https:\/\/solidaridadnews.com\/index.php?rest_route=\/wp\/v2\/posts"}],"about":[{"href":"https:\/\/solidaridadnews.com\/index.php?rest_route=\/wp\/v2\/types\/post"}],"author":[{"embeddable":true,"href":"https:\/\/solidaridadnews.com\/index.php?rest_route=\/wp\/v2\/users\/1"}],"replies":[{"embeddable":true,"href":"https:\/\/solidaridadnews.com\/index.php?rest_route=%2Fwp%2Fv2%2Fcomments&post=33828"}],"version-history":[{"count":1,"href":"https:\/\/solidaridadnews.com\/index.php?rest_route=\/wp\/v2\/posts\/33828\/revisions"}],"predecessor-version":[{"id":33829,"href":"https:\/\/solidaridadnews.com\/index.php?rest_route=\/wp\/v2\/posts\/33828\/revisions\/33829"}],"wp:featuredmedia":[{"embeddable":true,"href":"https:\/\/solidaridadnews.com\/index.php?rest_route=\/wp\/v2\/media\/33830"}],"wp:attachment":[{"href":"https:\/\/solidaridadnews.com\/index.php?rest_route=%2Fwp%2Fv2%2Fmedia&parent=33828"}],"wp:term":[{"taxonomy":"category","embeddable":true,"href":"https:\/\/solidaridadnews.com\/index.php?rest_route=%2Fwp%2Fv2%2Fcategories&post=33828"},{"taxonomy":"post_tag","embeddable":true,"href":"https:\/\/solidaridadnews.com\/index.php?rest_route=%2Fwp%2Fv2%2Ftags&post=33828"}],"curies":[{"name":"wp","href":"https:\/\/api.w.org\/{rel}","templated":true}]}}