{"id":33822,"date":"2024-06-19T11:32:41","date_gmt":"2024-06-19T16:32:41","guid":{"rendered":"https:\/\/solidaridadnews.com\/?p=33822"},"modified":"2024-06-19T16:32:42","modified_gmt":"2024-06-19T16:32:42","slug":"ian-mckellen-da-detalles-de-su-estado-de-salud-tras-ser-hospitalizado-por-fuerte-caida","status":"publish","type":"post","link":"https:\/\/solidaridadnews.com\/?p=33822","title":{"rendered":"Ian McKellen da detalles de su estado de salud tras ser hospitalizado por fuerte ca\u00edda"},"content":{"rendered":"<p>El reconocido actor Ian McKellen, famoso por sus ic\u00f3nicos roles como \u2018Gandalf\u2019 en \u2018El Se\u00f1or de los Anillos\u2019 y \u2018Magneto\u2019 en \u2018X-Men\u2019, fue hospitalizado de emergencia recientemente tras una fuerte ca\u00edda.<\/p>\n<p>McKellen ha dado una actualizaci\u00f3n sobre su estado de salud a trav\u00e9s de sus redes sociales, asegurando a sus seguidores que se encuentra bien y en proceso de recuperaci\u00f3n.<\/p>\n<p>Ian McKellen reaparece tras ser hospitalizado<br \/>\nEn una publicaci\u00f3n en su cuenta de X (anteriormente conocida como Twitter), McKellen no solo agradeci\u00f3 la atenci\u00f3n m\u00e9dica sino tambi\u00e9n los buenos deseos del p\u00fablico.<\/p>\n<p>En su mensaje, Ian McKellen expres\u00f3 su gratitud por la atenci\u00f3n recibida del Servicio Nacional de Salud (NHS) y por los innumerables mensajes de apoyo de sus fans y seres queridos.<\/p>\n<p>\u201cQuiero agradecer a todos por sus amables mensajes y apoyo. Desde el accidente, anoche durante una actuaci\u00f3n de Player Kings, mis lesiones han sido diagnosticadas y tratadas por una serie de expertos, especialistas y enfermeras que trabajan para el Servicio Nacional de Salud. Por supuesto, estoy enormemente en deuda con ellos\u201d.<\/p>\n<p>Los m\u00e9dicos que lo atienden esperan que su recuperaci\u00f3n sea r\u00e1pida y completa, lo que permitir\u00eda su pronto regreso a los escenarios.<\/p>\n<p>\u201cMe han asegurado que mi recuperaci\u00f3n ser\u00e1 completa y r\u00e1pida y estoy deseando volver a trabajar\u201d, escribi\u00f3 el actor.<\/p>\n<p>\u00bfQu\u00e9 le pas\u00f3 a Ian McKellen?<br \/>\nEl incidente ocurri\u00f3 durante una representaci\u00f3n en el teatro No\u00ebl Coward de Londres. Ian McKellen, quien interpreta al protagonista John Falstaff de la obra \u201cPlayer Kings\u201d, estaba en medio de una escena de pelea cuando perdi\u00f3 el equilibrio y cay\u00f3.<\/p>\n<p>Ian McKellen<br \/>\nEste accidente gener\u00f3 gran preocupaci\u00f3n entre los asistentes y sus seguidores en todo el mundo, pero afortunadamente, el equipo m\u00e9dico del NHS ha asegurado que el actor se recuperar\u00e1 por completo y que se encuentra de buen humor.<\/p>\n<p>\u00abDespu\u00e9s de una exploraci\u00f3n, el brillante equipo del NHS nos ha asegurado que se recuperar\u00e1 r\u00e1pida y completamente y que Ian est\u00e1 de buen humor\u00bb, a\u00f1adieron en un comunicado el teatro.<\/p>\n<p>La obra \u2018Player Kings\u2019, una adaptaci\u00f3n de \u2018Enrique IV: Partes 1 y 2\u2019 de William Shakespeare, dirigida por Robert Icke.<\/p>\n<p>La producci\u00f3n de \u2018Player Kings\u2019 ha anunciado que las funciones se reanudar\u00e1n este mi\u00e9rcoles, 19 de junio.<\/p>\n","protected":false},"excerpt":{"rendered":"<p>El reconocido actor Ian McKellen, famoso por sus ic\u00f3nicos roles como \u2018Gandalf\u2019 en \u2018El Se\u00f1or de los Anillos\u2019 y \u2018Magneto\u2019 en \u2018X-Men\u2019, fue hospitalizado de emergencia recientemente tras una fuerte ca\u00edda. McKellen ha dado una actualizaci\u00f3n sobre su estado de salud a trav\u00e9s de sus redes sociales, asegurando a sus seguidores que se encuentra bien [&hellip;]<\/p>\n","protected":false},"author":1,"featured_media":33824,"comment_status":"open","ping_status":"closed","sticky":false,"template":"","format":"standard","meta":{"footnotes":""},"categories":[3],"tags":[],"class_list":["post-33822","post","type-post","status-publish","format-standard","has-post-thumbnail","hentry","category-espectaculos"],"_links":{"self":[{"href":"https:\/\/solidaridadnews.com\/index.php?rest_route=\/wp\/v2\/posts\/33822","targetHints":{"allow":["GET"]}}],"collection":[{"href":"https:\/\/solidaridadnews.com\/index.php?rest_route=\/wp\/v2\/posts"}],"about":[{"href":"https:\/\/solidaridadnews.com\/index.php?rest_route=\/wp\/v2\/types\/post"}],"author":[{"embeddable":true,"href":"https:\/\/solidaridadnews.com\/index.php?rest_route=\/wp\/v2\/users\/1"}],"replies":[{"embeddable":true,"href":"https:\/\/solidaridadnews.com\/index.php?rest_route=%2Fwp%2Fv2%2Fcomments&post=33822"}],"version-history":[{"count":1,"href":"https:\/\/solidaridadnews.com\/index.php?rest_route=\/wp\/v2\/posts\/33822\/revisions"}],"predecessor-version":[{"id":33823,"href":"https:\/\/solidaridadnews.com\/index.php?rest_route=\/wp\/v2\/posts\/33822\/revisions\/33823"}],"wp:featuredmedia":[{"embeddable":true,"href":"https:\/\/solidaridadnews.com\/index.php?rest_route=\/wp\/v2\/media\/33824"}],"wp:attachment":[{"href":"https:\/\/solidaridadnews.com\/index.php?rest_route=%2Fwp%2Fv2%2Fmedia&parent=33822"}],"wp:term":[{"taxonomy":"category","embeddable":true,"href":"https:\/\/solidaridadnews.com\/index.php?rest_route=%2Fwp%2Fv2%2Fcategories&post=33822"},{"taxonomy":"post_tag","embeddable":true,"href":"https:\/\/solidaridadnews.com\/index.php?rest_route=%2Fwp%2Fv2%2Ftags&post=33822"}],"curies":[{"name":"wp","href":"https:\/\/api.w.org\/{rel}","templated":true}]}}