{"id":33816,"date":"2024-06-18T12:30:43","date_gmt":"2024-06-18T17:30:43","guid":{"rendered":"https:\/\/solidaridadnews.com\/?p=33816"},"modified":"2024-06-18T17:30:44","modified_gmt":"2024-06-18T17:30:44","slug":"presentan-curso-de-verano-baaxloob-paalaloob-solidaridad-2024","status":"publish","type":"post","link":"https:\/\/solidaridadnews.com\/?p=33816","title":{"rendered":"Presentan curso de verano Baaxlo\u2019ob Paalalo\u2019ob Solidaridad 2024"},"content":{"rendered":"<p>Ser\u00e1 del 22 de julio al 9 de agosto y tendr\u00e1 dos sedes para esta edici\u00f3n, las unidades deportivas: Riviera Maya, ubicada al norponiente de Playa del Carmen y Puerto Maya, en la alcald\u00eda de Puerto Aventuras, ser\u00e1n tres semanas de diversi\u00f3n, aprendizaje y nuevos amigos, el rango de edad ser\u00e1 de 6 a 13 a\u00f1os y las inscripciones podr\u00e1n realizarse a partir del mi\u00e9rcoles 19 de junio en las oficinas de las unidades deportivas sedes del curso, el horario de atenci\u00f3n ser\u00e1 de las 9 a las 17 horas, de lunes a viernes.<\/p>\n<p>El LEF. Alejandro T\u00fan, director deportivo del IDM, se\u00f1al\u00f3 que ser\u00e1n trece las disciplinas deportivas que se impartir\u00e1n durante el curso, as\u00ed como actividades recreativas, destac\u00f3 que durante el periodo del curso no habr\u00e1 actividad en las Academias de Iniciaci\u00f3n y Formaci\u00f3n Deportiva, ya que es el tiempo de cambio de categor\u00edas y ajustes, adem\u00e1s de que algunos entrenadores participan en el curso, lo cual lo enriquece a\u00fan m\u00e1s.<\/p>\n<p>Pascual Vargas coordinador general del curso, mencion\u00f3 que como parte de las actividades complementarias, se contar\u00e1 con el apoyo del Instituto Municipal de la Cultura y las Artes de Solidaridad, para que los participantes participen en la actividad \u201cVisitando Mi Instituto\u201d, en la cual son llevados al centro cultural y conocen todas las actividades que ah\u00ed se ofrecen, incluyendo una visita al Teatro de la Ciudad, acompa\u00f1ados por los artistas circenses y mucho m\u00e1s; se\u00f1al\u00f3 que la cuota de recuperaci\u00f3n por participante y recibir\u00e1n un uniforme deportivo.<\/p>\n<p>\u201cLa invitaci\u00f3n es para que las familias solidarenses participen en el curso y conozcan nuevos deportes, es una oportunidad para que se fortalezcan los lazos de amistad y compa\u00f1erismo entre ni\u00f1os y j\u00f3venes, el Baaxlo\u2019ob Paalalo\u2019ob Solidaridad 2024 promete ser un tiempo espectacular\u201d, coment\u00f3 el titular del deporte del municipio de Solidaridad.<\/p>\n","protected":false},"excerpt":{"rendered":"<p>Ser\u00e1 del 22 de julio al 9 de agosto y tendr\u00e1 dos sedes para esta edici\u00f3n, las unidades deportivas: Riviera Maya, ubicada al norponiente de Playa del Carmen y Puerto Maya, en la alcald\u00eda de Puerto Aventuras, ser\u00e1n tres semanas de diversi\u00f3n, aprendizaje y nuevos amigos, el rango de edad ser\u00e1 de 6 a 13 [&hellip;]<\/p>\n","protected":false},"author":1,"featured_media":33818,"comment_status":"open","ping_status":"closed","sticky":false,"template":"","format":"standard","meta":{"footnotes":""},"categories":[4],"tags":[],"class_list":["post-33816","post","type-post","status-publish","format-standard","has-post-thumbnail","hentry","category-local"],"_links":{"self":[{"href":"https:\/\/solidaridadnews.com\/index.php?rest_route=\/wp\/v2\/posts\/33816","targetHints":{"allow":["GET"]}}],"collection":[{"href":"https:\/\/solidaridadnews.com\/index.php?rest_route=\/wp\/v2\/posts"}],"about":[{"href":"https:\/\/solidaridadnews.com\/index.php?rest_route=\/wp\/v2\/types\/post"}],"author":[{"embeddable":true,"href":"https:\/\/solidaridadnews.com\/index.php?rest_route=\/wp\/v2\/users\/1"}],"replies":[{"embeddable":true,"href":"https:\/\/solidaridadnews.com\/index.php?rest_route=%2Fwp%2Fv2%2Fcomments&post=33816"}],"version-history":[{"count":1,"href":"https:\/\/solidaridadnews.com\/index.php?rest_route=\/wp\/v2\/posts\/33816\/revisions"}],"predecessor-version":[{"id":33817,"href":"https:\/\/solidaridadnews.com\/index.php?rest_route=\/wp\/v2\/posts\/33816\/revisions\/33817"}],"wp:featuredmedia":[{"embeddable":true,"href":"https:\/\/solidaridadnews.com\/index.php?rest_route=\/wp\/v2\/media\/33818"}],"wp:attachment":[{"href":"https:\/\/solidaridadnews.com\/index.php?rest_route=%2Fwp%2Fv2%2Fmedia&parent=33816"}],"wp:term":[{"taxonomy":"category","embeddable":true,"href":"https:\/\/solidaridadnews.com\/index.php?rest_route=%2Fwp%2Fv2%2Fcategories&post=33816"},{"taxonomy":"post_tag","embeddable":true,"href":"https:\/\/solidaridadnews.com\/index.php?rest_route=%2Fwp%2Fv2%2Ftags&post=33816"}],"curies":[{"name":"wp","href":"https:\/\/api.w.org\/{rel}","templated":true}]}}