{"id":33747,"date":"2024-06-12T22:48:56","date_gmt":"2024-06-13T03:48:56","guid":{"rendered":"https:\/\/solidaridadnews.com\/?p=33747"},"modified":"2024-06-13T03:48:57","modified_gmt":"2024-06-13T03:48:57","slug":"camara-baja-de-ee-uu-declara-en-desacato-al-fiscal-general-por-ocultar-audios-de-biden","status":"publish","type":"post","link":"https:\/\/solidaridadnews.com\/?p=33747","title":{"rendered":"C\u00e1mara Baja de EE.UU. declara en desacato al fiscal general por ocultar audios de Biden"},"content":{"rendered":"<p>La C\u00e1mara de Representantes de Estados Unidos, de mayor\u00eda republicana, aprob\u00f3 una resoluci\u00f3n que declara en desacato al fiscal general, Merrick Garland, por negarse a publicar las grabaciones del presidente, Joe Biden, en un caso de mal manejo de documentos clasificados<\/p>\n<p>La resoluci\u00f3n, aprobada con 216 votos a favor y 207 en contra, es un nuevo paso en la estrategia del Partido Republicano de aumentar la presi\u00f3n sobre la Administraci\u00f3n dem\u00f3crata en medio de la campa\u00f1a de las elecciones presidenciales del pr\u00f3ximo 5 de noviembre.<\/p>\n<p>El fiscal especial Robert Hur rechaz\u00f3 en febrero pasado procesar a Biden por mal manejo de unos documentos clasificados de su \u00e9poca como vicepresidente (2009-2017), aunque en un duro informe puso en cuesti\u00f3n la memoria y las capacidades mentales de Biden.<\/p>\n<p>En respuesta, los republicanos solicitaron la grabaci\u00f3n de los interrogatorios que Hur le hizo a Biden, pero el Departamento de Justicia rechaz\u00f3 su publicaci\u00f3n.<\/p>\n<p>El presidente de la C\u00e1mara de Representantes, el republicano Mike Johnson, defendi\u00f3 este mi\u00e9rcoles declarar en desacato a Garland porque considera intolerable que el Departamento de Justicia y el Poder ejecutivo \u201coculten informaci\u00f3n al Congreso\u201d.<\/p>\n<p>Tras conocerse el resultado de la votaci\u00f3n, el fiscal general, nombrado por Biden en 2021, emiti\u00f3 un comunicado en el que dijo que \u201ces profundamente decepcionante que la C\u00e1mara de Representantes haya convertido una autoridad seria del Congreso en un arma partidista\u201d.<\/p>\n<p>\u201cLa votaci\u00f3n de hoy ignora la separaci\u00f3n constitucional de poderes, la necesidad del Departamento de Justicia de proteger sus investigaciones y la cantidad sustancial de informaci\u00f3n que hemos proporcionado a los comit\u00e9s\u201d, declar\u00f3 Garland.<\/p>\n<p>El Departamento de Justicia se ha escudado hasta ahora en que s\u00ed difundi\u00f3 una transcripci\u00f3n del contenido del interrogatorio a Biden.<\/p>\n<p>La minor\u00eda dem\u00f3crata de la C\u00e1mara Baja acusa a los republicanos de querer obtener esa grabaci\u00f3n para tergiversarla con fines pol\u00edticos y electorales.<\/p>\n<p>Garland es el tercer fiscal de la historia de Estados Unidos declarado en desacato por el Congreso, pero dif\u00edcilmente ser\u00e1 procesado porque el Departamento de Justicia debe decidir posteriormente si le da seguimiento y \u00e9l lidera ese gabinete.<\/p>\n<p>CNN tambi\u00e9n ha demandado a la Administraci\u00f3n para acceder a la grabaci\u00f3n del interrogatorio de Biden.<\/p>\n<p>&nbsp;<\/p>\n","protected":false},"excerpt":{"rendered":"<p>La C\u00e1mara de Representantes de Estados Unidos, de mayor\u00eda republicana, aprob\u00f3 una resoluci\u00f3n que declara en desacato al fiscal general, Merrick Garland, por negarse a publicar las grabaciones del presidente, Joe Biden, en un caso de mal manejo de documentos clasificados La resoluci\u00f3n, aprobada con 216 votos a favor y 207 en contra, es un [&hellip;]<\/p>\n","protected":false},"author":1,"featured_media":33749,"comment_status":"open","ping_status":"closed","sticky":false,"template":"","format":"standard","meta":{"footnotes":""},"categories":[9],"tags":[],"class_list":["post-33747","post","type-post","status-publish","format-standard","has-post-thumbnail","hentry","category-internacional"],"_links":{"self":[{"href":"https:\/\/solidaridadnews.com\/index.php?rest_route=\/wp\/v2\/posts\/33747","targetHints":{"allow":["GET"]}}],"collection":[{"href":"https:\/\/solidaridadnews.com\/index.php?rest_route=\/wp\/v2\/posts"}],"about":[{"href":"https:\/\/solidaridadnews.com\/index.php?rest_route=\/wp\/v2\/types\/post"}],"author":[{"embeddable":true,"href":"https:\/\/solidaridadnews.com\/index.php?rest_route=\/wp\/v2\/users\/1"}],"replies":[{"embeddable":true,"href":"https:\/\/solidaridadnews.com\/index.php?rest_route=%2Fwp%2Fv2%2Fcomments&post=33747"}],"version-history":[{"count":1,"href":"https:\/\/solidaridadnews.com\/index.php?rest_route=\/wp\/v2\/posts\/33747\/revisions"}],"predecessor-version":[{"id":33748,"href":"https:\/\/solidaridadnews.com\/index.php?rest_route=\/wp\/v2\/posts\/33747\/revisions\/33748"}],"wp:featuredmedia":[{"embeddable":true,"href":"https:\/\/solidaridadnews.com\/index.php?rest_route=\/wp\/v2\/media\/33749"}],"wp:attachment":[{"href":"https:\/\/solidaridadnews.com\/index.php?rest_route=%2Fwp%2Fv2%2Fmedia&parent=33747"}],"wp:term":[{"taxonomy":"category","embeddable":true,"href":"https:\/\/solidaridadnews.com\/index.php?rest_route=%2Fwp%2Fv2%2Fcategories&post=33747"},{"taxonomy":"post_tag","embeddable":true,"href":"https:\/\/solidaridadnews.com\/index.php?rest_route=%2Fwp%2Fv2%2Ftags&post=33747"}],"curies":[{"name":"wp","href":"https:\/\/api.w.org\/{rel}","templated":true}]}}