{"id":33744,"date":"2024-06-12T22:47:48","date_gmt":"2024-06-13T03:47:48","guid":{"rendered":"https:\/\/solidaridadnews.com\/?p=33744"},"modified":"2024-06-13T03:47:50","modified_gmt":"2024-06-13T03:47:50","slug":"encuentro-internacional-del-mariachi-preve-llegar-a-16-millones-de-espectadores","status":"publish","type":"post","link":"https:\/\/solidaridadnews.com\/?p=33744","title":{"rendered":"Encuentro Internacional del Mariachi prev\u00e9 llegar a 16 millones de espectadores"},"content":{"rendered":"<p>Guadalajara, Jal. El Encuentro Internacional del Mariachi y la Charrer\u00eda, iniciativa que surgi\u00f3 en la C\u00e1mara de Comercio de Guadalajara en 1994 para atraer visitantes a la ciudad en una temporada baja para el turismo, celebrar\u00e1 este a\u00f1o su trig\u00e9simo primera edici\u00f3n del 23 de agosto al 4 de septiembre con la meta de llegar a m\u00e1s de 16 millones de espectadores en todo el mundo, ya sea de forma presencial o a trav\u00e9s de redes sociales y televisi\u00f3n abierta.<\/p>\n<p>\u00abUn festival de esta importancia tiene un impacto s\u00f3lido, tangible y medible en el turismo local, porque permite traer un gran n\u00famero de visitantes no solo a nuestros principales destino sino tambi\u00e9n a los principales destinos tur\u00edsticos de Jalisco\u00bb, sostuvo la titular de la Secretar\u00eda de Turismo de Jalisco (Secturjal), Vanessa P\u00e9rez Lamas.<\/p>\n<p>La funcionaria inform\u00f3 que Jalisco cerr\u00f3 2023 con 3.5 millones de visitantes extranjeros lo que supuso un crecimiento de 12.5% en comparaci\u00f3n con 2019 antes de la pandemia, y de 8% en comparaci\u00f3n con 2022.<\/p>\n<p>Con base en un estudio elaborado por la propia C\u00e1mara de Comercio tapat\u00eda, P\u00e9rez Lamas destac\u00f3 que la derrama econ\u00f3mica que se espera para esta edici\u00f3n del Encuentro Internacional del Mariachi es superior a los 190 millones de pesos.<\/p>\n<p>De acuerdo con la C\u00e1mara de Comercio que organiza y opera el Encuentro, el objetivo en esta edici\u00f3n ser\u00e1 continuar con el posicionamiento de Jalisco como cuna del Mariachi, adem\u00e1s de seguir preservando este patrimonio cultural que junto con el tequila y la Charrer\u00eda, \u00abson s\u00edmbolos que nos dan identidad como mexicanos en todo el mundo\u00bb.<\/p>\n<p>Mariachi japon\u00e9s<br \/>\nEl director de la Oficina de Visitantes y Convenciones de Guadalajara (OFVC), Gustavo Staufert, comparti\u00f3 que en Yokohama, la capital de Jalisco tomar\u00e1 la estafeta del Congreso de Rob\u00f3tica y Automatizaci\u00f3n, evento que re\u00fane a 7,000 cient\u00edficos para lo cual, la oficina contrat\u00f3 un mariachi japon\u00e9s.<\/p>\n<p>\u00abYa contratamos al mariachi japon\u00e9s que no habla espa\u00f1ol pero canta cinco canciones y, en lugar de decir &#8216;hojas de papel volando&#8217; dicen &#8216;ojos de papel volando&#8217;, pero cuando los japoneses ven un mariachi japon\u00e9s cantar en espa\u00f1ol, capacitado por este Encuentro Internacional del Mariachi, es verdaderamente extraordinario\u00bb, refiri\u00f3 Staufert Buclon.<\/p>\n<p>Programa<br \/>\nEste a\u00f1o participar\u00e1n 25 agrupaciones de mariachi de diferentes partes del mundo a cuyos integrantes se les impartir\u00e1n talleres de las t\u00e9cnicas de interpretaci\u00f3n de la m\u00fasica mexicana y para el cierre del festival, habr\u00e1 una presentaci\u00f3n de la Banda MS, acompa\u00f1ada por el mariachi CHG de Gamaliel Contreras ensamblando con la Orquesta Filarm\u00f3nica de Jalisco, lo que supone, seg\u00fan los organizadores, una composici\u00f3n de g\u00e9neros musicales sin precedentes.<\/p>\n","protected":false},"excerpt":{"rendered":"<p>Guadalajara, Jal. El Encuentro Internacional del Mariachi y la Charrer\u00eda, iniciativa que surgi\u00f3 en la C\u00e1mara de Comercio de Guadalajara en 1994 para atraer visitantes a la ciudad en una temporada baja para el turismo, celebrar\u00e1 este a\u00f1o su trig\u00e9simo primera edici\u00f3n del 23 de agosto al 4 de septiembre con la meta de llegar [&hellip;]<\/p>\n","protected":false},"author":1,"featured_media":33746,"comment_status":"open","ping_status":"closed","sticky":false,"template":"","format":"standard","meta":{"footnotes":""},"categories":[2],"tags":[],"class_list":["post-33744","post","type-post","status-publish","format-standard","has-post-thumbnail","hentry","category-nacional"],"_links":{"self":[{"href":"https:\/\/solidaridadnews.com\/index.php?rest_route=\/wp\/v2\/posts\/33744","targetHints":{"allow":["GET"]}}],"collection":[{"href":"https:\/\/solidaridadnews.com\/index.php?rest_route=\/wp\/v2\/posts"}],"about":[{"href":"https:\/\/solidaridadnews.com\/index.php?rest_route=\/wp\/v2\/types\/post"}],"author":[{"embeddable":true,"href":"https:\/\/solidaridadnews.com\/index.php?rest_route=\/wp\/v2\/users\/1"}],"replies":[{"embeddable":true,"href":"https:\/\/solidaridadnews.com\/index.php?rest_route=%2Fwp%2Fv2%2Fcomments&post=33744"}],"version-history":[{"count":1,"href":"https:\/\/solidaridadnews.com\/index.php?rest_route=\/wp\/v2\/posts\/33744\/revisions"}],"predecessor-version":[{"id":33745,"href":"https:\/\/solidaridadnews.com\/index.php?rest_route=\/wp\/v2\/posts\/33744\/revisions\/33745"}],"wp:featuredmedia":[{"embeddable":true,"href":"https:\/\/solidaridadnews.com\/index.php?rest_route=\/wp\/v2\/media\/33746"}],"wp:attachment":[{"href":"https:\/\/solidaridadnews.com\/index.php?rest_route=%2Fwp%2Fv2%2Fmedia&parent=33744"}],"wp:term":[{"taxonomy":"category","embeddable":true,"href":"https:\/\/solidaridadnews.com\/index.php?rest_route=%2Fwp%2Fv2%2Fcategories&post=33744"},{"taxonomy":"post_tag","embeddable":true,"href":"https:\/\/solidaridadnews.com\/index.php?rest_route=%2Fwp%2Fv2%2Ftags&post=33744"}],"curies":[{"name":"wp","href":"https:\/\/api.w.org\/{rel}","templated":true}]}}