{"id":33738,"date":"2024-06-12T22:45:20","date_gmt":"2024-06-13T03:45:20","guid":{"rendered":"https:\/\/solidaridadnews.com\/?p=33738"},"modified":"2024-06-13T03:45:21","modified_gmt":"2024-06-13T03:45:21","slug":"koeman-niega-arrepentirse-por-responsabilizar-al-barcelona-de-la-lesion-de-frenkie-de-jong","status":"publish","type":"post","link":"https:\/\/solidaridadnews.com\/?p=33738","title":{"rendered":"Koeman niega arrepentirse por responsabilizar al Barcelona de la lesi\u00f3n de Frenkie de Jong"},"content":{"rendered":"<p>En medio de la controversia desatada por sus recientes declaraciones, Ronald Koeman, actual entrenador de la selecci\u00f3n de Pa\u00edses Bajos, reafirm\u00f3 su postura y dijo no arrepentirse de responsabiliar al Barcelona por la lesi\u00f3n que dej\u00f3 fuera de la Eurocopa a Frenkie de Jong.<\/p>\n<p>El t\u00e9cnico, quien fuera tambi\u00e9n estratega del conjunto cul\u00e9, acus\u00f3 al club catal\u00e1n de presionar el retorno de De Jong durante su lesi\u00f3n en abril, acci\u00f3n que, seg\u00fan \u00e9l, no permiti\u00f3 que su recuperaci\u00f3n se completara.<\/p>\n<p>\u00abCreo que tengo un poco m\u00e1s de informaci\u00f3n privilegiada que t\u00fa. No me arrepiento en absoluto de lo que dije, pero terminemos con esto. No entrar\u00e9 en m\u00e1s detalles porque tuve una buena conversaci\u00f3n con Frenkie al respecto y que quedar\u00e1 entre nosotros\u00bb, dijo en conferencia de prensa.<\/p>\n<p>Frenkie de Jong sali\u00f3 lesionado del partido contra Athletic de Bilbao en marzo pasado por una torcedura de tobillo, lo que provoc\u00f3 que se perdiera varios partidos.<\/p>\n<p>&nbsp;<\/p>\n","protected":false},"excerpt":{"rendered":"<p>En medio de la controversia desatada por sus recientes declaraciones, Ronald Koeman, actual entrenador de la selecci\u00f3n de Pa\u00edses Bajos, reafirm\u00f3 su postura y dijo no arrepentirse de responsabiliar al Barcelona por la lesi\u00f3n que dej\u00f3 fuera de la Eurocopa a Frenkie de Jong. El t\u00e9cnico, quien fuera tambi\u00e9n estratega del conjunto cul\u00e9, acus\u00f3 al [&hellip;]<\/p>\n","protected":false},"author":1,"featured_media":33740,"comment_status":"open","ping_status":"closed","sticky":false,"template":"","format":"standard","meta":{"footnotes":""},"categories":[6],"tags":[],"class_list":["post-33738","post","type-post","status-publish","format-standard","has-post-thumbnail","hentry","category-deportes"],"_links":{"self":[{"href":"https:\/\/solidaridadnews.com\/index.php?rest_route=\/wp\/v2\/posts\/33738","targetHints":{"allow":["GET"]}}],"collection":[{"href":"https:\/\/solidaridadnews.com\/index.php?rest_route=\/wp\/v2\/posts"}],"about":[{"href":"https:\/\/solidaridadnews.com\/index.php?rest_route=\/wp\/v2\/types\/post"}],"author":[{"embeddable":true,"href":"https:\/\/solidaridadnews.com\/index.php?rest_route=\/wp\/v2\/users\/1"}],"replies":[{"embeddable":true,"href":"https:\/\/solidaridadnews.com\/index.php?rest_route=%2Fwp%2Fv2%2Fcomments&post=33738"}],"version-history":[{"count":1,"href":"https:\/\/solidaridadnews.com\/index.php?rest_route=\/wp\/v2\/posts\/33738\/revisions"}],"predecessor-version":[{"id":33739,"href":"https:\/\/solidaridadnews.com\/index.php?rest_route=\/wp\/v2\/posts\/33738\/revisions\/33739"}],"wp:featuredmedia":[{"embeddable":true,"href":"https:\/\/solidaridadnews.com\/index.php?rest_route=\/wp\/v2\/media\/33740"}],"wp:attachment":[{"href":"https:\/\/solidaridadnews.com\/index.php?rest_route=%2Fwp%2Fv2%2Fmedia&parent=33738"}],"wp:term":[{"taxonomy":"category","embeddable":true,"href":"https:\/\/solidaridadnews.com\/index.php?rest_route=%2Fwp%2Fv2%2Fcategories&post=33738"},{"taxonomy":"post_tag","embeddable":true,"href":"https:\/\/solidaridadnews.com\/index.php?rest_route=%2Fwp%2Fv2%2Ftags&post=33738"}],"curies":[{"name":"wp","href":"https:\/\/api.w.org\/{rel}","templated":true}]}}