{"id":33735,"date":"2024-06-11T13:07:11","date_gmt":"2024-06-11T18:07:11","guid":{"rendered":"https:\/\/solidaridadnews.com\/?p=33735"},"modified":"2024-06-11T18:07:12","modified_gmt":"2024-06-11T18:07:12","slug":"detienen-a-un-hombre-acusado-de-abusar-de-una-nina-de-13-anos-en-playa-del-carmen","status":"publish","type":"post","link":"https:\/\/solidaridadnews.com\/?p=33735","title":{"rendered":"Detienen a un hombre, acusado de abusar de una ni\u00f1a de 13 a\u00f1os en Playa del Carmen"},"content":{"rendered":"<p>Un sujeto fue detenido ayer por elementos polic\u00edacos, luego que fuera acusado por la madre de la v\u00edctima de haberle tocado las partes \u00edntimas a una ni\u00f1a de 13 a\u00f1os en esta ciudad.<\/p>\n<p>De acuerdo con un comunicado emitido esta ma\u00f1ana por la Polic\u00eda Municipal, estos hechos ocurrieron en la colonia Gonzalo Guerrero, al parecer al interior de un domicilio.<br \/>\nSeg\u00fan el informe oficial, la mujer le coment\u00f3 a los elementos polic\u00edacos que su hija momentos antes le hab\u00eda informado que dicho sujeto le hab\u00eda tocado sus partes \u00edntimas sin su consentimiento.<br \/>\nPor lo anterior, los oficiales acudieron al lugar y realizaron la detenci\u00f3n de este hombre, quien fue identificado como Felipe \u201cN\u201d de 54 a\u00f1os de edad, originario de Yucat\u00e1n.<br \/>\nEl sujeto fue puesto a disposici\u00f3n de la Fiscal\u00eda General del Estado, para las investigaciones correspondientes.<br \/>\nEn tanto, la menor de edad recibi\u00f3 atenci\u00f3n psicol\u00f3gica y asesor\u00eda legal del equipo multidisciplinario del Grupo Especializado en Atenci\u00f3n a la Violencia Familiar y de G\u00e9nero (Geavig).<\/p>\n","protected":false},"excerpt":{"rendered":"<p>Un sujeto fue detenido ayer por elementos polic\u00edacos, luego que fuera acusado por la madre de la v\u00edctima de haberle tocado las partes \u00edntimas a una ni\u00f1a de 13 a\u00f1os en esta ciudad. De acuerdo con un comunicado emitido esta ma\u00f1ana por la Polic\u00eda Municipal, estos hechos ocurrieron en la colonia Gonzalo Guerrero, al parecer [&hellip;]<\/p>\n","protected":false},"author":1,"featured_media":33737,"comment_status":"open","ping_status":"closed","sticky":false,"template":"","format":"standard","meta":{"footnotes":""},"categories":[4],"tags":[],"class_list":["post-33735","post","type-post","status-publish","format-standard","has-post-thumbnail","hentry","category-local"],"_links":{"self":[{"href":"https:\/\/solidaridadnews.com\/index.php?rest_route=\/wp\/v2\/posts\/33735","targetHints":{"allow":["GET"]}}],"collection":[{"href":"https:\/\/solidaridadnews.com\/index.php?rest_route=\/wp\/v2\/posts"}],"about":[{"href":"https:\/\/solidaridadnews.com\/index.php?rest_route=\/wp\/v2\/types\/post"}],"author":[{"embeddable":true,"href":"https:\/\/solidaridadnews.com\/index.php?rest_route=\/wp\/v2\/users\/1"}],"replies":[{"embeddable":true,"href":"https:\/\/solidaridadnews.com\/index.php?rest_route=%2Fwp%2Fv2%2Fcomments&post=33735"}],"version-history":[{"count":1,"href":"https:\/\/solidaridadnews.com\/index.php?rest_route=\/wp\/v2\/posts\/33735\/revisions"}],"predecessor-version":[{"id":33736,"href":"https:\/\/solidaridadnews.com\/index.php?rest_route=\/wp\/v2\/posts\/33735\/revisions\/33736"}],"wp:featuredmedia":[{"embeddable":true,"href":"https:\/\/solidaridadnews.com\/index.php?rest_route=\/wp\/v2\/media\/33737"}],"wp:attachment":[{"href":"https:\/\/solidaridadnews.com\/index.php?rest_route=%2Fwp%2Fv2%2Fmedia&parent=33735"}],"wp:term":[{"taxonomy":"category","embeddable":true,"href":"https:\/\/solidaridadnews.com\/index.php?rest_route=%2Fwp%2Fv2%2Fcategories&post=33735"},{"taxonomy":"post_tag","embeddable":true,"href":"https:\/\/solidaridadnews.com\/index.php?rest_route=%2Fwp%2Fv2%2Ftags&post=33735"}],"curies":[{"name":"wp","href":"https:\/\/api.w.org\/{rel}","templated":true}]}}