{"id":33732,"date":"2024-06-11T13:02:41","date_gmt":"2024-06-11T18:02:41","guid":{"rendered":"https:\/\/solidaridadnews.com\/?p=33732"},"modified":"2024-06-11T18:02:42","modified_gmt":"2024-06-11T18:02:42","slug":"estor-orgulloso-de-el-joe-biden-dice-que-aceptara-sentencia-contra-su-hijo-hunter","status":"publish","type":"post","link":"https:\/\/solidaridadnews.com\/?p=33732","title":{"rendered":"\u201cEstor orgulloso de \u00e9l\u201d: Joe Biden dice que aceptar\u00e1 sentencia contra su hijo Hunter"},"content":{"rendered":"<p>El presidente estadounidense, Joe Biden, afirm\u00f3 este martes que est\u00e1 orgulloso de su hijo Hunter y que aceptar\u00e1 la sentencia que reciba tras haber sido declarado culpable de los tres cargos que afrontaba por compra y posesi\u00f3n ilegal de un arma.<\/p>\n<p>Soy presidente, pero tambi\u00e9n padre. Jill y yo queremos a nuestro hijo y estamos muy orgullosos del hombre que es hoy. (\u2026) Nada cambiar\u00e1 eso\u201d, dijo en una declaraci\u00f3n escrita difundida por la Casa Blanca.<\/p>\n<p>Un jurado en Delaware declar\u00f3 culpable a Hunter por tres delitos relacionados con posesi\u00f3n de armas, al ocultar en la compra su adici\u00f3n a las drogas. Los cargos, todos a nivel federal, acarrean una pena m\u00e1xima de 25 a\u00f1os de prisi\u00f3n.<\/p>\n<p>El juicio, en el que Hunter no declar\u00f3, comenz\u00f3 la semana pasada y es el primero que afronta en Estados Unidos el hijo de un mandatario en activo.<\/p>\n<p>Joe Biden emiti\u00f3 entonces un primer comunicado en el que le mostraba su apoyo y en una entrevista el pasado jueves con la cadena ABC News descart\u00f3 ejercer su poder de indultarlo.<\/p>\n<p>En su comunicado de este martes, se pronunci\u00f3 de nuevo en esa l\u00ednea. \u201cAceptar\u00e9 el resultado de este caso y seguir\u00e9 respetando el proceso judicial mientras Hunter contempla una apelaci\u00f3n. Jill y yo siempre hemos estado ah\u00ed para Hunter y el resto de nuestra familia con nuestro amor y apoyo\u201d, dijo.<\/p>\n<p>Hunter Biden es hijo de la primera esposa del presidente, la fallecida Neilia Biden, y estaba acusado de mentir en octubre de 2018 cuando no reconoci\u00f3 que consum\u00eda drogas en un formulario para comprar un rev\u00f3lver Colt Cobra de calibre 38, que luego guard\u00f3 durante 11 d\u00edas.<\/p>\n<p>\u201cMuchas familias que han tenido seres queridos luchando contra la adicci\u00f3n entienden el sentimiento de orgullo al ver a alguien a quien amas salir del otro lado y ser tan fuerte y resiliente en la recuperaci\u00f3n\u201d, a\u00f1adi\u00f3 el presidente en su nota.<\/p>\n<p>El caso podr\u00eda afectar a la campa\u00f1a de Joe Biden en las elecciones presidenciales del 5 de noviembre, ya que los republicanos, especialmente el expresidente y precandidato Donald Trump (2017-2021), lo utilizan con frecuencia como arma arrojadiza en su contra.<\/p>\n","protected":false},"excerpt":{"rendered":"<p>El presidente estadounidense, Joe Biden, afirm\u00f3 este martes que est\u00e1 orgulloso de su hijo Hunter y que aceptar\u00e1 la sentencia que reciba tras haber sido declarado culpable de los tres cargos que afrontaba por compra y posesi\u00f3n ilegal de un arma. Soy presidente, pero tambi\u00e9n padre. Jill y yo queremos a nuestro hijo y estamos [&hellip;]<\/p>\n","protected":false},"author":1,"featured_media":33734,"comment_status":"open","ping_status":"closed","sticky":false,"template":"","format":"standard","meta":{"footnotes":""},"categories":[9],"tags":[],"class_list":["post-33732","post","type-post","status-publish","format-standard","has-post-thumbnail","hentry","category-internacional"],"_links":{"self":[{"href":"https:\/\/solidaridadnews.com\/index.php?rest_route=\/wp\/v2\/posts\/33732","targetHints":{"allow":["GET"]}}],"collection":[{"href":"https:\/\/solidaridadnews.com\/index.php?rest_route=\/wp\/v2\/posts"}],"about":[{"href":"https:\/\/solidaridadnews.com\/index.php?rest_route=\/wp\/v2\/types\/post"}],"author":[{"embeddable":true,"href":"https:\/\/solidaridadnews.com\/index.php?rest_route=\/wp\/v2\/users\/1"}],"replies":[{"embeddable":true,"href":"https:\/\/solidaridadnews.com\/index.php?rest_route=%2Fwp%2Fv2%2Fcomments&post=33732"}],"version-history":[{"count":1,"href":"https:\/\/solidaridadnews.com\/index.php?rest_route=\/wp\/v2\/posts\/33732\/revisions"}],"predecessor-version":[{"id":33733,"href":"https:\/\/solidaridadnews.com\/index.php?rest_route=\/wp\/v2\/posts\/33732\/revisions\/33733"}],"wp:featuredmedia":[{"embeddable":true,"href":"https:\/\/solidaridadnews.com\/index.php?rest_route=\/wp\/v2\/media\/33734"}],"wp:attachment":[{"href":"https:\/\/solidaridadnews.com\/index.php?rest_route=%2Fwp%2Fv2%2Fmedia&parent=33732"}],"wp:term":[{"taxonomy":"category","embeddable":true,"href":"https:\/\/solidaridadnews.com\/index.php?rest_route=%2Fwp%2Fv2%2Fcategories&post=33732"},{"taxonomy":"post_tag","embeddable":true,"href":"https:\/\/solidaridadnews.com\/index.php?rest_route=%2Fwp%2Fv2%2Ftags&post=33732"}],"curies":[{"name":"wp","href":"https:\/\/api.w.org\/{rel}","templated":true}]}}