{"id":33723,"date":"2024-06-11T12:56:34","date_gmt":"2024-06-11T17:56:34","guid":{"rendered":"https:\/\/solidaridadnews.com\/?p=33723"},"modified":"2024-06-11T17:56:35","modified_gmt":"2024-06-11T17:56:35","slug":"ronald-koeman-culpa-al-barcelona-por-lesion-de-frenkie-de-jong-asumieron-riesgos-con-el","status":"publish","type":"post","link":"https:\/\/solidaridadnews.com\/?p=33723","title":{"rendered":"Ronald Koeman culpa al Barcelona por lesi\u00f3n de Frenkie de Jong: &#8216;Asumieron riesgos con \u00e9l&#8217;"},"content":{"rendered":"<p>El mediocampista holand\u00e9s Frenkie de Jong fue descartado de la Eurocopa al no poderse recuperar de una lesi\u00f3n en el tobillo sufrida en el \u00faltimo Cl\u00e1sico con el Barcelona. Ronald Koeman, entrenador del equipo, habl\u00f3 sobre la importancia de la baja.<\/p>\n<p>Pa\u00edses Bajos dio a conocer la baja de Frenkie de Jong tras la victoria de 4-0 a Islandia en su \u00faltimo partido de preparaci\u00f3n rumbo a la Euro. En dicho encuentro De Jong se mantuvo en la banca, por lo que Koeman afirm\u00f3 que no vale la pena mantenerlo sino jugar\u00e1.<\/p>\n<p>\u201cNo ha jugado ning\u00fan partido ni lo hemos visto de la forma m\u00e1s positiva de lo que podr\u00eda ser. Las pruebas han demostrado que todav\u00eda no est\u00e1 en condiciones. Te das cuenta de que no est\u00e1 al cien por cien y que no est\u00e1 en condicione de jugar al m\u00e1ximo nivel las pr\u00f3ximas tres semanas. Puedes mantenerlo aqu\u00ed pero no tiene mucho sentido\u00bb.<\/p>\n<p>Adem\u00e1s, el entrenador neerland\u00e9s asegur\u00f3 que la baja ha sido consecuencia del mal manejo del futbolista por parte del Barcelona, pues considera que, a pesar de las lesiones, el equipo asumi\u00f3 riesgos al regresarlo a las canchas.<\/p>\n<p>\u00abHay que mirar la salud del jugador. El jugador tiene antecedentes con esta lesi\u00f3n y su club ha asumido riesgos con \u00e9l. Eso nos deja en una mala situaci\u00f3n con Frenkie\u00bb, coment\u00f3 Koeman sobre el Barcelona.<\/p>\n<p>&nbsp;<\/p>\n","protected":false},"excerpt":{"rendered":"<p>El mediocampista holand\u00e9s Frenkie de Jong fue descartado de la Eurocopa al no poderse recuperar de una lesi\u00f3n en el tobillo sufrida en el \u00faltimo Cl\u00e1sico con el Barcelona. Ronald Koeman, entrenador del equipo, habl\u00f3 sobre la importancia de la baja. Pa\u00edses Bajos dio a conocer la baja de Frenkie de Jong tras la victoria [&hellip;]<\/p>\n","protected":false},"author":1,"featured_media":33725,"comment_status":"open","ping_status":"closed","sticky":false,"template":"","format":"standard","meta":{"footnotes":""},"categories":[6],"tags":[],"class_list":["post-33723","post","type-post","status-publish","format-standard","has-post-thumbnail","hentry","category-deportes"],"_links":{"self":[{"href":"https:\/\/solidaridadnews.com\/index.php?rest_route=\/wp\/v2\/posts\/33723","targetHints":{"allow":["GET"]}}],"collection":[{"href":"https:\/\/solidaridadnews.com\/index.php?rest_route=\/wp\/v2\/posts"}],"about":[{"href":"https:\/\/solidaridadnews.com\/index.php?rest_route=\/wp\/v2\/types\/post"}],"author":[{"embeddable":true,"href":"https:\/\/solidaridadnews.com\/index.php?rest_route=\/wp\/v2\/users\/1"}],"replies":[{"embeddable":true,"href":"https:\/\/solidaridadnews.com\/index.php?rest_route=%2Fwp%2Fv2%2Fcomments&post=33723"}],"version-history":[{"count":1,"href":"https:\/\/solidaridadnews.com\/index.php?rest_route=\/wp\/v2\/posts\/33723\/revisions"}],"predecessor-version":[{"id":33724,"href":"https:\/\/solidaridadnews.com\/index.php?rest_route=\/wp\/v2\/posts\/33723\/revisions\/33724"}],"wp:featuredmedia":[{"embeddable":true,"href":"https:\/\/solidaridadnews.com\/index.php?rest_route=\/wp\/v2\/media\/33725"}],"wp:attachment":[{"href":"https:\/\/solidaridadnews.com\/index.php?rest_route=%2Fwp%2Fv2%2Fmedia&parent=33723"}],"wp:term":[{"taxonomy":"category","embeddable":true,"href":"https:\/\/solidaridadnews.com\/index.php?rest_route=%2Fwp%2Fv2%2Fcategories&post=33723"},{"taxonomy":"post_tag","embeddable":true,"href":"https:\/\/solidaridadnews.com\/index.php?rest_route=%2Fwp%2Fv2%2Ftags&post=33723"}],"curies":[{"name":"wp","href":"https:\/\/api.w.org\/{rel}","templated":true}]}}