{"id":33701,"date":"2024-06-10T10:47:15","date_gmt":"2024-06-10T15:47:15","guid":{"rendered":"https:\/\/solidaridadnews.com\/?p=33701"},"modified":"2024-06-10T15:47:16","modified_gmt":"2024-06-10T15:47:16","slug":"desde-noviembre-dreamers-podran-acceder-a-cobertura-de-salud-en-estados-unidos","status":"publish","type":"post","link":"https:\/\/solidaridadnews.com\/?p=33701","title":{"rendered":"Desde noviembre, \u201cdreamers\u201d podr\u00e1n acceder a cobertura de salud en Estados Unidos"},"content":{"rendered":"<p>Desde noviembre, los m\u00e1s de 100 mil \u201cdreamers\u201d, o \u201cso\u00f1adores\u201d, que residen en Estados Unidos podr\u00e1n solicitar la cobertura de salud, con la extensi\u00f3n de la misma, firmada por el presidente Joe Biden, en beneficio de los migrantes que llegaron de ni\u00f1os a territorio estadounidense y que actualmente est\u00e1n protegidos bajo el programa federal.<\/p>\n<p>Oficializada en mayo pasado, la medida de la administraci\u00f3n de Biden y la vicepresidenta Kamala Harris dar\u00e1 cobertura de salud por primera vez a los acogidos bajos el programa Acci\u00f3n Diferida para los Llegados en la Infancia (DACA), implementado en 2012 por el entonces presidente Barack Obama y Biden, su vicepresidente, permitiendo a estos migrantes vivir y trabajar legalmente en el pa\u00eds que consideran su hogar.<\/p>\n<p>\u201cHoy estamos dando este paso hist\u00f3rico para garantizar que los beneficiarios de DACA tengan el mismo acceso a la atenci\u00f3n m\u00e9dica a trav\u00e9s de la Ley de Cuidados de Salud Asequibles (ACA) que sus vecinos\u201d, afirm\u00f3 Biden en un comunicado.<\/p>\n<p>\u201cLos \u2018so\u00f1adores\u2019 son nuestros seres queridos, nuestras enfermeras, maestros y propietarios de peque\u00f1as empresas y merecen la promesa de atenci\u00f3n m\u00e9dica como todos nosotros\u201d, a\u00f1adi\u00f3.<\/p>\n<p>Hay unos 580 mil dreamers beneficiados<br \/>\nDesde el lanzamiento de este programa federal, los Servicios de Ciudadan\u00eda e Inmigraci\u00f3n (USCIS) han aprobado m\u00e1s de 800 mil solicitudes y cuenta con unos 580 mil beneficiarios, seg\u00fan datos oficiales.<\/p>\n<p>\u00bfQu\u00e9 necesitan los dreamers para aplicar en el programa?<br \/>\nPara acogerse al DACA, estos migrantes deben vivir en Estados Unidos desde 2007 y haber llegado antes de cumplir 16 a\u00f1os. Tambi\u00e9n deben estar estudiando, haberse graduado o ser veteranos de las fuerzas armadas y no tener antecedentes penales.<\/p>\n<p>La nueva regla modifica la definici\u00f3n de \u201cpresencia legal\u201d para que los \u201cso\u00f1adores\u201d tengan un mayor acceso a la cobertura m\u00e9dica.<\/p>\n<p>\u00bfQu\u00e9 beneficios tiene el programa de salud?<br \/>\nConcretamente, ser\u00e1n elegibles para un Programa de Salud B\u00e1sico (BHP), destinado a personas con bajos ingresos, y para un Plan de Salud Calificado (QHP).<\/p>\n<p>Este \u00faltimo es un seguro que incluye una cobertura esencial y establece l\u00edmites para los costos compartidos (copagos y montos m\u00e1ximos a pagar por el usuario).<\/p>\n<p>A partir de noviembre, cuando entra en vigor esta nueva normativa, los dreamers tambi\u00e9n podr\u00e1n solicitar ayuda financiera para adquirir un seguro m\u00e9dico.<\/p>\n<p>\u201cAyudar\u00e1 a m\u00e1s de 100 mil beneficiarios del DACA a obtener cobertura\u201d, afirm\u00f3 Neera Tanden, asesora de pol\u00edtica interna de la Casa Blanca.<\/p>\n<p>Seg\u00fan una funcionaria que ha pedido el anonimato, esta medida beneficiar\u00e1 a aquellos dreamers que no tengan seguro de salud a trav\u00e9s de su trabajo.<\/p>\n<p>\u201cEs un derecho\u201d<br \/>\nLa tasa de beneficiarios del DACA que no tienen seguro m\u00e9dico es tres veces mayor a la del resto de la poblaci\u00f3n de Estados Unidos, seg\u00fan una estimaci\u00f3n oficial.<\/p>\n<p>\u201cLa atenci\u00f3n m\u00e9dica es un derecho, no un privilegio\u201d, afirm\u00f3 Xavier Becerra, secretario de Salud de Estados Unidos, en la misma rueda de prensa.<\/p>\n<p>A lo largo de m\u00e1s de una d\u00e9cada, el programa DACA ha sobrevivido a numerosos reveses judiciales, sobre todo en 2017, cuando el entonces presidente, el republicano Donald Trump, quiso ponerle fin alegando que el beneficio para los dreamers era inconstitucional.<\/p>\n<p>En septiembre pasado, un juez del tribunal federal de Texas estim\u00f3 que DACA viola la ley de inmigraci\u00f3n de Estados Unidos, pero no orden\u00f3 al gobierno de Biden que la clausurase ni que dejase de procesar las solicitudes de renovaci\u00f3n. Esa sentencia se apel\u00f3.<\/p>\n<p>Tras su llegada a la Casa Blanca en enero de 2021, Biden pidi\u00f3 al Congreso, sin \u00e9xito, que brinde un camino hacia la ciudadan\u00eda a los \u201cso\u00f1adores\u201d.<\/p>\n","protected":false},"excerpt":{"rendered":"<p>Desde noviembre, los m\u00e1s de 100 mil \u201cdreamers\u201d, o \u201cso\u00f1adores\u201d, que residen en Estados Unidos podr\u00e1n solicitar la cobertura de salud, con la extensi\u00f3n de la misma, firmada por el presidente Joe Biden, en beneficio de los migrantes que llegaron de ni\u00f1os a territorio estadounidense y que actualmente est\u00e1n protegidos bajo el programa federal. Oficializada [&hellip;]<\/p>\n","protected":false},"author":1,"featured_media":33703,"comment_status":"open","ping_status":"closed","sticky":false,"template":"","format":"standard","meta":{"footnotes":""},"categories":[9],"tags":[],"class_list":["post-33701","post","type-post","status-publish","format-standard","has-post-thumbnail","hentry","category-internacional"],"_links":{"self":[{"href":"https:\/\/solidaridadnews.com\/index.php?rest_route=\/wp\/v2\/posts\/33701","targetHints":{"allow":["GET"]}}],"collection":[{"href":"https:\/\/solidaridadnews.com\/index.php?rest_route=\/wp\/v2\/posts"}],"about":[{"href":"https:\/\/solidaridadnews.com\/index.php?rest_route=\/wp\/v2\/types\/post"}],"author":[{"embeddable":true,"href":"https:\/\/solidaridadnews.com\/index.php?rest_route=\/wp\/v2\/users\/1"}],"replies":[{"embeddable":true,"href":"https:\/\/solidaridadnews.com\/index.php?rest_route=%2Fwp%2Fv2%2Fcomments&post=33701"}],"version-history":[{"count":1,"href":"https:\/\/solidaridadnews.com\/index.php?rest_route=\/wp\/v2\/posts\/33701\/revisions"}],"predecessor-version":[{"id":33702,"href":"https:\/\/solidaridadnews.com\/index.php?rest_route=\/wp\/v2\/posts\/33701\/revisions\/33702"}],"wp:featuredmedia":[{"embeddable":true,"href":"https:\/\/solidaridadnews.com\/index.php?rest_route=\/wp\/v2\/media\/33703"}],"wp:attachment":[{"href":"https:\/\/solidaridadnews.com\/index.php?rest_route=%2Fwp%2Fv2%2Fmedia&parent=33701"}],"wp:term":[{"taxonomy":"category","embeddable":true,"href":"https:\/\/solidaridadnews.com\/index.php?rest_route=%2Fwp%2Fv2%2Fcategories&post=33701"},{"taxonomy":"post_tag","embeddable":true,"href":"https:\/\/solidaridadnews.com\/index.php?rest_route=%2Fwp%2Fv2%2Ftags&post=33701"}],"curies":[{"name":"wp","href":"https:\/\/api.w.org\/{rel}","templated":true}]}}