{"id":33683,"date":"2024-06-09T01:26:05","date_gmt":"2024-06-09T06:26:05","guid":{"rendered":"https:\/\/solidaridadnews.com\/?p=33683"},"modified":"2024-06-10T06:28:09","modified_gmt":"2024-06-10T06:28:09","slug":"seccion-9-de-la-cnte-reanudara-labores-docentes-este-lunes-mantienen-planton-en-el-zocalo","status":"publish","type":"post","link":"https:\/\/solidaridadnews.com\/?p=33683","title":{"rendered":"Secci\u00f3n 9 de la CNTE reanudar\u00e1 labores docentes este lunes; mantienen plant\u00f3n en el Z\u00f3calo"},"content":{"rendered":"<p>La Secci\u00f3n 9 de la Coordinadora Nacional de Trabajadores de la Educaci\u00f3n (CNTE) acord\u00f3 un receso en el paro indefinido de labores y este domingo al mediod\u00eda llevar\u00e1 a cabo un acto pol\u00edtico en el plant\u00f3n que mantienen en el Z\u00f3calo capitalino desde hace algunas semanas.<\/p>\n<p>Con este receso del paro, que mantienen desde el pasado 15 de mayo, reanudar\u00e1n sus labores este lunes 10 de junio.<\/p>\n<p>Sin embargo, en un documento con los principales acuerdos de su pleno, la Secci\u00f3n 9 explic\u00f3 que el levantamiento del plant\u00f3n se definir\u00e1 m\u00e1s adelante cuando colectivamente las secciones de la CNTE definan fecha y condiciones.<\/p>\n<p>Asimismo, se convoca a una gran concentraci\u00f3n el pr\u00f3ximo martes 11 de junio en el Z\u00f3calo capitalino a las 10 de la ma\u00f1ana donde piden a sus maestros llevar cartulinas con sus principales demandas.<\/p>\n","protected":false},"excerpt":{"rendered":"<p>La Secci\u00f3n 9 de la Coordinadora Nacional de Trabajadores de la Educaci\u00f3n (CNTE) acord\u00f3 un receso en el paro indefinido de labores y este domingo al mediod\u00eda llevar\u00e1 a cabo un acto pol\u00edtico en el plant\u00f3n que mantienen en el Z\u00f3calo capitalino desde hace algunas semanas. Con este receso del paro, que mantienen desde el [&hellip;]<\/p>\n","protected":false},"author":1,"featured_media":33685,"comment_status":"open","ping_status":"closed","sticky":false,"template":"","format":"standard","meta":{"footnotes":""},"categories":[2],"tags":[],"class_list":["post-33683","post","type-post","status-publish","format-standard","has-post-thumbnail","hentry","category-nacional"],"_links":{"self":[{"href":"https:\/\/solidaridadnews.com\/index.php?rest_route=\/wp\/v2\/posts\/33683","targetHints":{"allow":["GET"]}}],"collection":[{"href":"https:\/\/solidaridadnews.com\/index.php?rest_route=\/wp\/v2\/posts"}],"about":[{"href":"https:\/\/solidaridadnews.com\/index.php?rest_route=\/wp\/v2\/types\/post"}],"author":[{"embeddable":true,"href":"https:\/\/solidaridadnews.com\/index.php?rest_route=\/wp\/v2\/users\/1"}],"replies":[{"embeddable":true,"href":"https:\/\/solidaridadnews.com\/index.php?rest_route=%2Fwp%2Fv2%2Fcomments&post=33683"}],"version-history":[{"count":1,"href":"https:\/\/solidaridadnews.com\/index.php?rest_route=\/wp\/v2\/posts\/33683\/revisions"}],"predecessor-version":[{"id":33684,"href":"https:\/\/solidaridadnews.com\/index.php?rest_route=\/wp\/v2\/posts\/33683\/revisions\/33684"}],"wp:featuredmedia":[{"embeddable":true,"href":"https:\/\/solidaridadnews.com\/index.php?rest_route=\/wp\/v2\/media\/33685"}],"wp:attachment":[{"href":"https:\/\/solidaridadnews.com\/index.php?rest_route=%2Fwp%2Fv2%2Fmedia&parent=33683"}],"wp:term":[{"taxonomy":"category","embeddable":true,"href":"https:\/\/solidaridadnews.com\/index.php?rest_route=%2Fwp%2Fv2%2Fcategories&post=33683"},{"taxonomy":"post_tag","embeddable":true,"href":"https:\/\/solidaridadnews.com\/index.php?rest_route=%2Fwp%2Fv2%2Ftags&post=33683"}],"curies":[{"name":"wp","href":"https:\/\/api.w.org\/{rel}","templated":true}]}}