{"id":33680,"date":"2024-06-09T01:23:15","date_gmt":"2024-06-09T06:23:15","guid":{"rendered":"https:\/\/solidaridadnews.com\/?p=33680"},"modified":"2024-06-10T06:25:07","modified_gmt":"2024-06-10T06:25:07","slug":"peso-pluma-es-hospitalizado-de-emergencia-este-es-su-estado-de-salud","status":"publish","type":"post","link":"https:\/\/solidaridadnews.com\/?p=33680","title":{"rendered":"Peso Pluma es hospitalizado de emergencia; este es su estado de salud"},"content":{"rendered":"<p>El cantante de corridos tumbados, Peso Pluma, preocup\u00f3 a sus millones de seguidores este domingo 9 de junio tras compartir un par de fotograf\u00edas en un hospital.<\/p>\n<p>Alrededor de las 8 de la noche, el artista mexicano subi\u00f3 unas historias a su cuenta de Instagram donde se le ve\u00eda en una camilla, causando alarma entre sus fans.<\/p>\n<p>Peso Pluma se encontraba en Nueva York cuando inform\u00f3 a sus seguidores sobre su estado de salud. En las historias y fotos compartidas, el cantante revel\u00f3 que sufri\u00f3 una fractura, que seg\u00fan las im\u00e1genes, parece ser en su pierna.<\/p>\n<p>Hasta el momento, el cantante no ha comunicado m\u00e1s detalles sobre su fractura, pero se espera que en las pr\u00f3ximas horas se sepa m\u00e1s sobre su recuperaci\u00f3n, que lo tendr\u00e1 alejado de los escenarios por algunas semanas.<\/p>\n<p>&nbsp;<\/p>\n<p>De acuerdo con algunos videos difundidos en redes sociales, el cantante brind\u00f3 su \u00faltimo concierto en territorio estadounidense y fue ah\u00ed donde habr\u00eda sufrido el accidente. En los videos, se puede ver a Peso Pluma cojeando de un pie, pero sin dejar de cantar, mostrando su compromiso con su p\u00fablico.<\/p>\n<p>\u00abA pesar de haberse lesionado, continu\u00f3 con su show, mostrando una fortaleza y compromiso inquebrantables con sus fans. Su profesionalismo es inspirador, evidenciando que no importa el obst\u00e1culo, su amor por la m\u00fasica y su p\u00fablico siempre lo impulsan a seguir adelante\u00bb, escribi\u00f3 el usuario que comparti\u00f3 el video.<\/p>\n<p>Peso Pluma se recupera tras fractura<br \/>\nLa noticia de la fractura ha generado una gran cantidad de mensajes de apoyo y buenos deseos para el cantante en las redes sociales. Sus seguidores han expresado su admiraci\u00f3n por la fortaleza y profesionalismo de Peso Pluma, y esperan su pronta recuperaci\u00f3n.<\/p>\n<p>Se espera que Peso Pluma comparta m\u00e1s detalles sobre su estado de salud y el proceso de recuperaci\u00f3n en las pr\u00f3ximas horas. Mientras tanto, sus seguidores y la comunidad musical permanecen atentos a cualquier actualizaci\u00f3n.<\/p>\n<p>&nbsp;<\/p>\n","protected":false},"excerpt":{"rendered":"<p>El cantante de corridos tumbados, Peso Pluma, preocup\u00f3 a sus millones de seguidores este domingo 9 de junio tras compartir un par de fotograf\u00edas en un hospital. Alrededor de las 8 de la noche, el artista mexicano subi\u00f3 unas historias a su cuenta de Instagram donde se le ve\u00eda en una camilla, causando alarma entre [&hellip;]<\/p>\n","protected":false},"author":1,"featured_media":33682,"comment_status":"open","ping_status":"closed","sticky":false,"template":"","format":"standard","meta":{"footnotes":""},"categories":[3],"tags":[],"class_list":["post-33680","post","type-post","status-publish","format-standard","has-post-thumbnail","hentry","category-espectaculos"],"_links":{"self":[{"href":"https:\/\/solidaridadnews.com\/index.php?rest_route=\/wp\/v2\/posts\/33680","targetHints":{"allow":["GET"]}}],"collection":[{"href":"https:\/\/solidaridadnews.com\/index.php?rest_route=\/wp\/v2\/posts"}],"about":[{"href":"https:\/\/solidaridadnews.com\/index.php?rest_route=\/wp\/v2\/types\/post"}],"author":[{"embeddable":true,"href":"https:\/\/solidaridadnews.com\/index.php?rest_route=\/wp\/v2\/users\/1"}],"replies":[{"embeddable":true,"href":"https:\/\/solidaridadnews.com\/index.php?rest_route=%2Fwp%2Fv2%2Fcomments&post=33680"}],"version-history":[{"count":1,"href":"https:\/\/solidaridadnews.com\/index.php?rest_route=\/wp\/v2\/posts\/33680\/revisions"}],"predecessor-version":[{"id":33681,"href":"https:\/\/solidaridadnews.com\/index.php?rest_route=\/wp\/v2\/posts\/33680\/revisions\/33681"}],"wp:featuredmedia":[{"embeddable":true,"href":"https:\/\/solidaridadnews.com\/index.php?rest_route=\/wp\/v2\/media\/33682"}],"wp:attachment":[{"href":"https:\/\/solidaridadnews.com\/index.php?rest_route=%2Fwp%2Fv2%2Fmedia&parent=33680"}],"wp:term":[{"taxonomy":"category","embeddable":true,"href":"https:\/\/solidaridadnews.com\/index.php?rest_route=%2Fwp%2Fv2%2Fcategories&post=33680"},{"taxonomy":"post_tag","embeddable":true,"href":"https:\/\/solidaridadnews.com\/index.php?rest_route=%2Fwp%2Fv2%2Ftags&post=33680"}],"curies":[{"name":"wp","href":"https:\/\/api.w.org\/{rel}","templated":true}]}}