{"id":33677,"date":"2024-06-09T01:18:57","date_gmt":"2024-06-09T06:18:57","guid":{"rendered":"https:\/\/solidaridadnews.com\/?p=33677"},"modified":"2024-06-10T06:20:16","modified_gmt":"2024-06-10T06:20:16","slug":"prensa-francesa-reporta-que-kylian-mbappe-estara-listo-para-la-eurocopa-2024","status":"publish","type":"post","link":"https:\/\/solidaridadnews.com\/?p=33677","title":{"rendered":"Prensa francesa reporta que Kylian Mbapp\u00e9 estar\u00e1 listo para la Eurocopa 2024"},"content":{"rendered":"<p>Kylian Mbapp\u00e9 encendi\u00f3 las alarmas de cara a la Eurocopa 2024 al presentar diferentes molestias f\u00edsicas que le impidieron tener m\u00e1s actividad en el amistoso de la Selecci\u00f3n de Francia ante su similar de Canad\u00e1 este fin de semana.<\/p>\n<p>De acuerdo con el diario franc\u00e9s L&#8217;Equipe, el motivo por el cual el nuevo jugador de Real Madrid sali\u00f3 a la banca en el encuentro ante el representativo norteamericano fue \u00abuna contusi\u00f3n en la rodilla\u00bb, adem\u00e1s que el atacante ha presentado dolores de espalda desde la semana pasada.<\/p>\n<p>Sin embargo, el mismo medio asegur\u00f3 que no se trata de nada grave y que el t\u00e9cnico Didier Deschamps todav\u00eda lo tiene en planes para la Euro, en la cual Francia se presentar\u00e1 ante Austria el pr\u00f3ximo lunes 17 de junio en D\u00fcsseldorf.<\/p>\n<p>Mbapp\u00e9 sali\u00f3 a la banca anta Canad\u00e1 y solo ingres\u00f3 en los 15 minutos finales, en sustituci\u00f3n de Ousmane Demb\u00e9l\u00e9, para no forzarlo ni exponerlo a una lesi\u00f3n mayor. La idea es que a lo largo de la semana se recupere para que est\u00e9 listo para el duelo del pr\u00f3ximo lunes.<\/p>\n","protected":false},"excerpt":{"rendered":"<p>Kylian Mbapp\u00e9 encendi\u00f3 las alarmas de cara a la Eurocopa 2024 al presentar diferentes molestias f\u00edsicas que le impidieron tener m\u00e1s actividad en el amistoso de la Selecci\u00f3n de Francia ante su similar de Canad\u00e1 este fin de semana. De acuerdo con el diario franc\u00e9s L&#8217;Equipe, el motivo por el cual el nuevo jugador de [&hellip;]<\/p>\n","protected":false},"author":1,"featured_media":33679,"comment_status":"open","ping_status":"closed","sticky":false,"template":"","format":"standard","meta":{"footnotes":""},"categories":[6],"tags":[],"class_list":["post-33677","post","type-post","status-publish","format-standard","has-post-thumbnail","hentry","category-deportes"],"_links":{"self":[{"href":"https:\/\/solidaridadnews.com\/index.php?rest_route=\/wp\/v2\/posts\/33677","targetHints":{"allow":["GET"]}}],"collection":[{"href":"https:\/\/solidaridadnews.com\/index.php?rest_route=\/wp\/v2\/posts"}],"about":[{"href":"https:\/\/solidaridadnews.com\/index.php?rest_route=\/wp\/v2\/types\/post"}],"author":[{"embeddable":true,"href":"https:\/\/solidaridadnews.com\/index.php?rest_route=\/wp\/v2\/users\/1"}],"replies":[{"embeddable":true,"href":"https:\/\/solidaridadnews.com\/index.php?rest_route=%2Fwp%2Fv2%2Fcomments&post=33677"}],"version-history":[{"count":1,"href":"https:\/\/solidaridadnews.com\/index.php?rest_route=\/wp\/v2\/posts\/33677\/revisions"}],"predecessor-version":[{"id":33678,"href":"https:\/\/solidaridadnews.com\/index.php?rest_route=\/wp\/v2\/posts\/33677\/revisions\/33678"}],"wp:featuredmedia":[{"embeddable":true,"href":"https:\/\/solidaridadnews.com\/index.php?rest_route=\/wp\/v2\/media\/33679"}],"wp:attachment":[{"href":"https:\/\/solidaridadnews.com\/index.php?rest_route=%2Fwp%2Fv2%2Fmedia&parent=33677"}],"wp:term":[{"taxonomy":"category","embeddable":true,"href":"https:\/\/solidaridadnews.com\/index.php?rest_route=%2Fwp%2Fv2%2Fcategories&post=33677"},{"taxonomy":"post_tag","embeddable":true,"href":"https:\/\/solidaridadnews.com\/index.php?rest_route=%2Fwp%2Fv2%2Ftags&post=33677"}],"curies":[{"name":"wp","href":"https:\/\/api.w.org\/{rel}","templated":true}]}}