{"id":33674,"date":"2024-06-08T16:54:58","date_gmt":"2024-06-08T21:54:58","guid":{"rendered":"https:\/\/solidaridadnews.com\/?p=33674"},"modified":"2024-06-08T21:55:00","modified_gmt":"2024-06-08T21:55:00","slug":"niegan-suspension-a-celia-rangel-por-desfalco-en-playa-del-carmen","status":"publish","type":"post","link":"https:\/\/solidaridadnews.com\/?p=33674","title":{"rendered":"Niegan suspensi\u00f3n a Celia Rangel por desfalco en Playa del Carmen"},"content":{"rendered":"<p>El Juzgado octavo de Distrito niega una suspensi\u00f3n contra la orden de aprehensi\u00f3n de Celia Rangel Gonz\u00e1lez, involucrada en este delito en perjuicio de habitantes de la colonia Colosio, en Playa del Carmen.<\/p>\n<p>El Juzgado Octavo de Distrito neg\u00f3 una suspensi\u00f3n definitiva contra la captura de Celia Rangel Gonz\u00e1lez, involucrada en el desfalco de la Desarrolladora de la Riviera Maya (Derimaya), por lo que continuar\u00e1 en prisi\u00f3n.<\/p>\n<p>El citado \u00f3rgano jurisdiccional acord\u00f3 negar la suspensi\u00f3n de captura y vinculaci\u00f3n a proceso en un juzgado estatal de Canc\u00fan a principios de mayo.<\/p>\n<p>\u201cPor lo expuesto y fundado, con apoyo adem\u00e1s en el art\u00edculo 144 de la Ley de Amparo, se resuelve: \u00danico. Se niega a la suspensi\u00f3n definitiva\u201d(sic), acord\u00f3 el \u00f3rgano jurisdiccional federal.<\/p>\n<p>Este acuerdo sali\u00f3 en el con texto de que se busca resolver el conflicto de la Derimaya con el Gobierno del Estado, porque este \u00faltimo acus\u00f3 a su administraci\u00f3n de fraude, precisamente del que fue parte Celia Rangel.<\/p>\n<p>Celia es hija de Ofelia Gonz\u00e1lez Witt, principal accionista privada de la Derimaya, de acuerdo con documentos consultados. Celia tramit\u00f3 un amparo indirecto contra el auto de vinculaci\u00f3n a proceso y el decreto de prisi\u00f3n preventiva justificada del pasado 7 de mayo.<\/p>\n<p>Estas medidas sedes prenden de la carpeta administrativa con terminaci\u00f3n 218\/2024 que elabor\u00f3 la Fiscal\u00eda General del Estado (FGE), cuando fue detenida en el norte del pa\u00eds al tratar de abandonar territorio nacional. Ella y otra persona, de acuerdo con informaci\u00f3n emitida por la Fiscal\u00eda, est\u00e1n imputadas por el delito de administraci\u00f3n fraudulenta en agravio de la Derimaya, una sociedad mercantil crea da con acciones del Gobierno de Quintana Roo y la familia Rangel Gonz\u00e1lez, con el objetivo de concretar los contratos de compraventa a favor de habitantes de la colonia Colosio, en Playa del Carmen.<\/p>\n<p>El conflicto de la Derimaya y el Gobierno de Quintana Roo inici\u00f3 desde a\u00f1os atr\u00e1s, cuando se orden\u00f3 su disoluci\u00f3n porque ya se sospechaba que los accionistas menores, quienes ejerc\u00edan actos de administraci\u00f3n, estaban realizando ejercicios ilegales.<\/p>\n<p>En enero, las instalaciones fueron tomadas y los bienes muebles asegurados por la FGE por el deli to de administraci\u00f3n fraudulenta. Los habitantes de la Colosio han demandado por a\u00f1os la regularizaci\u00f3n de sus terrenos con documentos que acrediten que se trata de propiedades familia res, pues \u00e9stas, a pesar de que se celebr\u00f3 la compraventa, segu\u00edan inscritas a favor de la Derimaya.<\/p>\n","protected":false},"excerpt":{"rendered":"<p>El Juzgado octavo de Distrito niega una suspensi\u00f3n contra la orden de aprehensi\u00f3n de Celia Rangel Gonz\u00e1lez, involucrada en este delito en perjuicio de habitantes de la colonia Colosio, en Playa del Carmen. El Juzgado Octavo de Distrito neg\u00f3 una suspensi\u00f3n definitiva contra la captura de Celia Rangel Gonz\u00e1lez, involucrada en el desfalco de la [&hellip;]<\/p>\n","protected":false},"author":1,"featured_media":33676,"comment_status":"open","ping_status":"closed","sticky":false,"template":"","format":"standard","meta":{"footnotes":""},"categories":[4],"tags":[],"class_list":["post-33674","post","type-post","status-publish","format-standard","has-post-thumbnail","hentry","category-local"],"_links":{"self":[{"href":"https:\/\/solidaridadnews.com\/index.php?rest_route=\/wp\/v2\/posts\/33674","targetHints":{"allow":["GET"]}}],"collection":[{"href":"https:\/\/solidaridadnews.com\/index.php?rest_route=\/wp\/v2\/posts"}],"about":[{"href":"https:\/\/solidaridadnews.com\/index.php?rest_route=\/wp\/v2\/types\/post"}],"author":[{"embeddable":true,"href":"https:\/\/solidaridadnews.com\/index.php?rest_route=\/wp\/v2\/users\/1"}],"replies":[{"embeddable":true,"href":"https:\/\/solidaridadnews.com\/index.php?rest_route=%2Fwp%2Fv2%2Fcomments&post=33674"}],"version-history":[{"count":1,"href":"https:\/\/solidaridadnews.com\/index.php?rest_route=\/wp\/v2\/posts\/33674\/revisions"}],"predecessor-version":[{"id":33675,"href":"https:\/\/solidaridadnews.com\/index.php?rest_route=\/wp\/v2\/posts\/33674\/revisions\/33675"}],"wp:featuredmedia":[{"embeddable":true,"href":"https:\/\/solidaridadnews.com\/index.php?rest_route=\/wp\/v2\/media\/33676"}],"wp:attachment":[{"href":"https:\/\/solidaridadnews.com\/index.php?rest_route=%2Fwp%2Fv2%2Fmedia&parent=33674"}],"wp:term":[{"taxonomy":"category","embeddable":true,"href":"https:\/\/solidaridadnews.com\/index.php?rest_route=%2Fwp%2Fv2%2Fcategories&post=33674"},{"taxonomy":"post_tag","embeddable":true,"href":"https:\/\/solidaridadnews.com\/index.php?rest_route=%2Fwp%2Fv2%2Ftags&post=33674"}],"curies":[{"name":"wp","href":"https:\/\/api.w.org\/{rel}","templated":true}]}}