{"id":33665,"date":"2024-06-08T16:48:06","date_gmt":"2024-06-08T21:48:06","guid":{"rendered":"https:\/\/solidaridadnews.com\/?p=33665"},"modified":"2024-06-08T21:48:08","modified_gmt":"2024-06-08T21:48:08","slug":"paris-jackson-la-hija-del-rey-del-pop-se-declara-fan-de-christian-nodal","status":"publish","type":"post","link":"https:\/\/solidaridadnews.com\/?p=33665","title":{"rendered":"Paris Jackson, la hija del Rey del Pop se declara fan de Christian Nodal"},"content":{"rendered":"<p>Christian Nodal es uno de los cantantes mexicanos m\u00e1s exitosos de los \u00faltimos a\u00f1os, por ello no sorprende que cada vez sea m\u00e1s conocido a nivel mundial y fue la hija de Michael Jackson, Paris Jackson quien se declar\u00f3 fan del cantante.<\/p>\n<p>Paris, se encuentra de visita en Espa\u00f1a, en donde asisti\u00f3 al desfile de modas en donde coincidi\u00f3 con Ester Exp\u00f3sito a quien habr\u00eda ignorado durante el evento, pero uno de los momentos m\u00e1s destacados fue cuando habl\u00f3 del int\u00e9rprete de \u00abAdi\u00f3s Amor\u00bb.<\/p>\n<p>\u00bfQu\u00e9 dijo Paris Jackson sobre Christian Nodal?<br \/>\nDe acuerdo con medios locales, la hija de Michael Jackson lleg\u00f3 con retraso al evento, pues acababa de desfilar en una pasarela del dise\u00f1ador Alexander Wang en Nueva York, sin embargo, la modelo atendi\u00f3 a la prensa, a quien le revel\u00f3 que es su primera vez en Espa\u00f1a.<\/p>\n<p>Cuando le preguntaron sobre la m\u00fasica espa\u00f1ola, Paris Jackson revel\u00f3 no conocer mucho, pero en su respuesta mencion\u00f3 a un mexicano:<\/p>\n<p>Por supuesto que escucho m\u00fasica espa\u00f1ola. Christian Nodal es mi favorito\u00bb<\/p>\n<p>Sin embargo, la modelo fue corregida y le dijeron que \u00e9l pertenece al regional mexicano:<\/p>\n<p>Me informar\u00e9 mejor&#8230; Pens\u00e9 que te refer\u00edas a m\u00fasica en espa\u00f1ol. Pero s\u00ed que conozco a Rosal\u00eda. Me parece cool\u00bb<\/p>\n<p>Esto es una prueba m\u00e1s del alcance que ha tenido el int\u00e9rprete de \u00abBotella tras botella\u00bb. No obstante, Paris Jackson dijo que est\u00e1 m\u00e1s familiarizada con la comida mexicana que la espa\u00f1ola, por lo cual, no conoce la paella.<\/p>\n<p>\u00bfParis Jackson ignor\u00f3 a Ester Exp\u00f3sito?<br \/>\nLuego del encuentro con medios espa\u00f1oles, la modelo e hija del Rey del Pop se volvi\u00f3 tendencia en redes sociales por los videos que circulan en los que presuntamente, est\u00e1 ignorando a la actriz espa\u00f1ola, Ester Exp\u00f3sito.<\/p>\n<p>Y es que fueron sentadas juntas durante la pasarela, pero de acuerdo con usuarios, hubo incomodidad en el saludo y mientras se desarrollaba el evento, ya que Paris no la volte\u00f3 a ver y ninguna intent\u00f3 interactuar con la otra.<\/p>\n","protected":false},"excerpt":{"rendered":"<p>Christian Nodal es uno de los cantantes mexicanos m\u00e1s exitosos de los \u00faltimos a\u00f1os, por ello no sorprende que cada vez sea m\u00e1s conocido a nivel mundial y fue la hija de Michael Jackson, Paris Jackson quien se declar\u00f3 fan del cantante. Paris, se encuentra de visita en Espa\u00f1a, en donde asisti\u00f3 al desfile de [&hellip;]<\/p>\n","protected":false},"author":1,"featured_media":33667,"comment_status":"open","ping_status":"closed","sticky":false,"template":"","format":"standard","meta":{"footnotes":""},"categories":[3],"tags":[],"class_list":["post-33665","post","type-post","status-publish","format-standard","has-post-thumbnail","hentry","category-espectaculos"],"_links":{"self":[{"href":"https:\/\/solidaridadnews.com\/index.php?rest_route=\/wp\/v2\/posts\/33665","targetHints":{"allow":["GET"]}}],"collection":[{"href":"https:\/\/solidaridadnews.com\/index.php?rest_route=\/wp\/v2\/posts"}],"about":[{"href":"https:\/\/solidaridadnews.com\/index.php?rest_route=\/wp\/v2\/types\/post"}],"author":[{"embeddable":true,"href":"https:\/\/solidaridadnews.com\/index.php?rest_route=\/wp\/v2\/users\/1"}],"replies":[{"embeddable":true,"href":"https:\/\/solidaridadnews.com\/index.php?rest_route=%2Fwp%2Fv2%2Fcomments&post=33665"}],"version-history":[{"count":1,"href":"https:\/\/solidaridadnews.com\/index.php?rest_route=\/wp\/v2\/posts\/33665\/revisions"}],"predecessor-version":[{"id":33666,"href":"https:\/\/solidaridadnews.com\/index.php?rest_route=\/wp\/v2\/posts\/33665\/revisions\/33666"}],"wp:featuredmedia":[{"embeddable":true,"href":"https:\/\/solidaridadnews.com\/index.php?rest_route=\/wp\/v2\/media\/33667"}],"wp:attachment":[{"href":"https:\/\/solidaridadnews.com\/index.php?rest_route=%2Fwp%2Fv2%2Fmedia&parent=33665"}],"wp:term":[{"taxonomy":"category","embeddable":true,"href":"https:\/\/solidaridadnews.com\/index.php?rest_route=%2Fwp%2Fv2%2Fcategories&post=33665"},{"taxonomy":"post_tag","embeddable":true,"href":"https:\/\/solidaridadnews.com\/index.php?rest_route=%2Fwp%2Fv2%2Ftags&post=33665"}],"curies":[{"name":"wp","href":"https:\/\/api.w.org\/{rel}","templated":true}]}}