{"id":33662,"date":"2024-06-08T16:46:26","date_gmt":"2024-06-08T21:46:26","guid":{"rendered":"https:\/\/solidaridadnews.com\/?p=33662"},"modified":"2024-06-08T21:46:28","modified_gmt":"2024-06-08T21:46:28","slug":"pumas-cerca-de-fichar-a-david-martinez-jugador-de-river-plate","status":"publish","type":"post","link":"https:\/\/solidaridadnews.com\/?p=33662","title":{"rendered":"Pumas cerca de fichar a David Mart\u00ednez, jugador de River Plate"},"content":{"rendered":"<p>Pumas ya est\u00e1 movi\u00e9ndose en el mercado de fichajes de cara al Apertura 2024 y ha puesto sus ojos en el paraguayo David Mart\u00ednez, actual defensor de River Plate.<\/p>\n<p>Seg\u00fan informaci\u00f3n de S\u00faper Deportivo, el club universitario est\u00e1 en negociaciones para adquirir a Mart\u00ednez, aunque en la MLS tambi\u00e9n han mostrado inter\u00e9s en el jugador.<\/p>\n<p>David Mart\u00ednez, quien tambi\u00e9n ha jugado para Defensa y Justicia en Argentina, tiene un historial impresionante.<\/p>\n<p>Con River Plate, ha ganado dos campeonatos de Primera Divisi\u00f3n, dos Supercopas de Argentina y dos Trofeos de Campeones. Adem\u00e1s, en 2020, se coron\u00f3 campe\u00f3n de la Copa Sudamericana con Defensa y Justicia.<\/p>\n<p>&nbsp;<\/p>\n","protected":false},"excerpt":{"rendered":"<p>Pumas ya est\u00e1 movi\u00e9ndose en el mercado de fichajes de cara al Apertura 2024 y ha puesto sus ojos en el paraguayo David Mart\u00ednez, actual defensor de River Plate. Seg\u00fan informaci\u00f3n de S\u00faper Deportivo, el club universitario est\u00e1 en negociaciones para adquirir a Mart\u00ednez, aunque en la MLS tambi\u00e9n han mostrado inter\u00e9s en el jugador. [&hellip;]<\/p>\n","protected":false},"author":1,"featured_media":33664,"comment_status":"open","ping_status":"closed","sticky":false,"template":"","format":"standard","meta":{"footnotes":""},"categories":[6],"tags":[],"class_list":["post-33662","post","type-post","status-publish","format-standard","has-post-thumbnail","hentry","category-deportes"],"_links":{"self":[{"href":"https:\/\/solidaridadnews.com\/index.php?rest_route=\/wp\/v2\/posts\/33662","targetHints":{"allow":["GET"]}}],"collection":[{"href":"https:\/\/solidaridadnews.com\/index.php?rest_route=\/wp\/v2\/posts"}],"about":[{"href":"https:\/\/solidaridadnews.com\/index.php?rest_route=\/wp\/v2\/types\/post"}],"author":[{"embeddable":true,"href":"https:\/\/solidaridadnews.com\/index.php?rest_route=\/wp\/v2\/users\/1"}],"replies":[{"embeddable":true,"href":"https:\/\/solidaridadnews.com\/index.php?rest_route=%2Fwp%2Fv2%2Fcomments&post=33662"}],"version-history":[{"count":1,"href":"https:\/\/solidaridadnews.com\/index.php?rest_route=\/wp\/v2\/posts\/33662\/revisions"}],"predecessor-version":[{"id":33663,"href":"https:\/\/solidaridadnews.com\/index.php?rest_route=\/wp\/v2\/posts\/33662\/revisions\/33663"}],"wp:featuredmedia":[{"embeddable":true,"href":"https:\/\/solidaridadnews.com\/index.php?rest_route=\/wp\/v2\/media\/33664"}],"wp:attachment":[{"href":"https:\/\/solidaridadnews.com\/index.php?rest_route=%2Fwp%2Fv2%2Fmedia&parent=33662"}],"wp:term":[{"taxonomy":"category","embeddable":true,"href":"https:\/\/solidaridadnews.com\/index.php?rest_route=%2Fwp%2Fv2%2Fcategories&post=33662"},{"taxonomy":"post_tag","embeddable":true,"href":"https:\/\/solidaridadnews.com\/index.php?rest_route=%2Fwp%2Fv2%2Ftags&post=33662"}],"curies":[{"name":"wp","href":"https:\/\/api.w.org\/{rel}","templated":true}]}}