{"id":33653,"date":"2024-06-07T23:17:13","date_gmt":"2024-06-08T04:17:13","guid":{"rendered":"https:\/\/solidaridadnews.com\/?p=33653"},"modified":"2024-06-08T04:17:22","modified_gmt":"2024-06-08T04:17:22","slug":"organizaciones-en-mexico-instan-a-migrantes-a-no-cruzar-a-ee-uu-y-evitar-crisis-de-deportaciones","status":"publish","type":"post","link":"https:\/\/solidaridadnews.com\/?p=33653","title":{"rendered":"Organizaciones en M\u00e9xico instan a migrantes a no cruzar a EE.UU. y evitar crisis de deportaciones"},"content":{"rendered":"<p>Inconformes con la nueva pol\u00edtica migratoria que limita las solicitudes de asilo para migrantes, las organizaciones \u00c1ngeles Sin Fronteras y Alianza Migrante de Tijuana buscar\u00e1n persuadir a personas en movilidad para que no crucen la frontera M\u00e9xico-Estados Unidos de forma irregular y evitar una crisis de deportaciones.<\/p>\n<p>Los representantes de dichas organizaciones se\u00f1alaron que buscan una tregua y amagaron que, en desacuerdo a la medida que plantea las deportaciones de migrantes de otros pa\u00edses hacia M\u00e9xico, podr\u00edan manifestarse en el consulado estadounidense y montar un bloqueo de comunicaciones a puertos fronterizos.<\/p>\n<p>\u201cTodav\u00eda no est\u00e1 sucediendo eso, pero si comenzamos a ver cantidades grandes de deportados, vamos a protestar y les vamos a bloquear las garitas, no vamos a esperar, al contrario, nosotros se las vamos a cerrar a ellos, porque no podemos permitir que nos generen aqu\u00ed una crisis, y nos vamos a manifestar en el consulado tambi\u00e9n\u201d, advirti\u00f3 Sergio Tamai, director de \u00c1ngeles Sin Fronteras.<\/p>\n<p>No obstante, precis\u00f3 que el primer paso es buscar una tregua hasta el 4 de julio, en uni\u00f3n entre organizaciones para decirles a los migrantes que no crucen para evitar ser perjudicados.<\/p>\n<p>Record\u00f3 que al d\u00eda siguiente de alcanzar el l\u00edmite de mil 500 ingresos diarios, las autoridades del otro lado de la frontera norte de M\u00e9xico comenzar\u00e1n las deportaciones.<\/p>\n<p>El activista pidi\u00f3 soluciones alternas como la aplicaci\u00f3n CBP-ONE que dijo redujo completamente la entrada irregular de migrantes.<\/p>\n<p>Se\u00f1al\u00f3 que los migrantes \u201cson gente pac\u00edfica, que quieren un camino legal y que si les dan facilidades lo van a hacer de esa manera\u201d.<\/p>\n<p>Resalt\u00f3 que este tipo de medidas incitan a los migrantes a tomar caminos como brincarse un muro, entre otros tipos de entradas irregulares.<\/p>\n<p>Tamai dijo que su primera meta es que durante 10 d\u00edas se logren menos de mil 500 cruces para ver si el presidente de Estados Unidos, Joe Biden, cumple con no deportar bajo ese rango.<\/p>\n<p>El activista tambi\u00e9n promovi\u00f3 que en M\u00e9xico se contin\u00fae con las pol\u00edticas que ayudan a los migrantes con tr\u00e1mites para que accedan a una residencia y trabajo.<\/p>\n<p>Piden recursos para albergues<\/p>\n<p>Tamai tambi\u00e9n recrimin\u00f3 que el retorno de los deportados supone un desaf\u00edo a los albergues y organizaciones sociales, ya que no cuentan con recursos del Gobierno y se manejan sobre todo con donativos privados.<\/p>\n<p>\u201cAqu\u00ed podemos atender a los migrantes, eso no es problema, porque somos hermanos, pero, con qu\u00e9 recursos los vamos a atender si no les dan apoyos a los albergues\u201d, dijo.<\/p>\n","protected":false},"excerpt":{"rendered":"<p>Inconformes con la nueva pol\u00edtica migratoria que limita las solicitudes de asilo para migrantes, las organizaciones \u00c1ngeles Sin Fronteras y Alianza Migrante de Tijuana buscar\u00e1n persuadir a personas en movilidad para que no crucen la frontera M\u00e9xico-Estados Unidos de forma irregular y evitar una crisis de deportaciones. Los representantes de dichas organizaciones se\u00f1alaron que buscan [&hellip;]<\/p>\n","protected":false},"author":1,"featured_media":33655,"comment_status":"open","ping_status":"closed","sticky":false,"template":"","format":"standard","meta":{"footnotes":""},"categories":[9],"tags":[],"class_list":["post-33653","post","type-post","status-publish","format-standard","has-post-thumbnail","hentry","category-internacional"],"_links":{"self":[{"href":"https:\/\/solidaridadnews.com\/index.php?rest_route=\/wp\/v2\/posts\/33653","targetHints":{"allow":["GET"]}}],"collection":[{"href":"https:\/\/solidaridadnews.com\/index.php?rest_route=\/wp\/v2\/posts"}],"about":[{"href":"https:\/\/solidaridadnews.com\/index.php?rest_route=\/wp\/v2\/types\/post"}],"author":[{"embeddable":true,"href":"https:\/\/solidaridadnews.com\/index.php?rest_route=\/wp\/v2\/users\/1"}],"replies":[{"embeddable":true,"href":"https:\/\/solidaridadnews.com\/index.php?rest_route=%2Fwp%2Fv2%2Fcomments&post=33653"}],"version-history":[{"count":1,"href":"https:\/\/solidaridadnews.com\/index.php?rest_route=\/wp\/v2\/posts\/33653\/revisions"}],"predecessor-version":[{"id":33654,"href":"https:\/\/solidaridadnews.com\/index.php?rest_route=\/wp\/v2\/posts\/33653\/revisions\/33654"}],"wp:featuredmedia":[{"embeddable":true,"href":"https:\/\/solidaridadnews.com\/index.php?rest_route=\/wp\/v2\/media\/33655"}],"wp:attachment":[{"href":"https:\/\/solidaridadnews.com\/index.php?rest_route=%2Fwp%2Fv2%2Fmedia&parent=33653"}],"wp:term":[{"taxonomy":"category","embeddable":true,"href":"https:\/\/solidaridadnews.com\/index.php?rest_route=%2Fwp%2Fv2%2Fcategories&post=33653"},{"taxonomy":"post_tag","embeddable":true,"href":"https:\/\/solidaridadnews.com\/index.php?rest_route=%2Fwp%2Fv2%2Ftags&post=33653"}],"curies":[{"name":"wp","href":"https:\/\/api.w.org\/{rel}","templated":true}]}}