{"id":33647,"date":"2024-06-07T23:13:20","date_gmt":"2024-06-08T04:13:20","guid":{"rendered":"https:\/\/solidaridadnews.com\/?p=33647"},"modified":"2024-06-08T04:13:22","modified_gmt":"2024-06-08T04:13:22","slug":"susana-zabaleta-habla-por-primera-vez-de-su-relacion-con-ricardo-perez-y-la-diferencia-de-edad","status":"publish","type":"post","link":"https:\/\/solidaridadnews.com\/?p=33647","title":{"rendered":"Susana Zabaleta habla por primera vez de su relaci\u00f3n con Ricardo P\u00e9rez y la diferencia de edad"},"content":{"rendered":"<p>Susana Zabaleta y Ricardo P\u00e9rez se han convertido en la pareja del momento, luego de que paulatinamente hicieran su relaci\u00f3n p\u00fablica tras las sospechas de que hab\u00eda algo entre los dos debido a la excelente qu\u00edmica que tuvieron en el programa \u00abDivina Comida\u00bb.<\/p>\n<p>Sin embargo, la pareja no hab\u00eda hablado tan abiertamente de su relaci\u00f3n como lo hizo Susana Zabaleta recientemente, quien fue cuestionada una vez m\u00e1s sobre la diferencia de edad que existe entre ambos, pues Susana tiene 59 y Ricardo P\u00e9rez tiene 29 a\u00f1os.<\/p>\n<p>\u00bfQu\u00e9 dijo Susana Zabaleta sobre la diferencia de edad con Ricardo P\u00e9rez?<br \/>\nHace unos d\u00edas, Zabaleta comparti\u00f3 un video en el que recapitula su relaci\u00f3n con uno de los creadores de \u00abLa Cotorrisa\u00bb, un clip que recibi\u00f3 miles de comentarios, pues hasta hace poco, ambos hab\u00edan mantenido un bajo perfil en cuanto a su relaci\u00f3n.<\/p>\n<p>&nbsp;<\/p>\n<p>De este modo, la actriz refiri\u00f3 por qu\u00e9 no ha dado muchos detalles sobre c\u00f3mo va todo con Ricardo P\u00e9rez y de forma transparente, dijo:<\/p>\n<p>Yo creo que si se habla mucho, se desgastan las cosas. Si uno de repente pone cosas en redes porque est\u00e1s muy emocionada, pero lo hemos querido llevar m\u00e1s as\u00ed entre nosotros para que dure, mi amor\u00bb<\/p>\n<p>A pesar de que el tema sobre la diferencia de edad ha sido recurrente, Susana Zabaleta finalmente respondi\u00f3 sin tapujos y con su caracter\u00edstica sinceridad cuando le preguntaron si le molestaban las cr\u00edticas sobre la diferencia de edad:<\/p>\n<p>Pues imag\u00ednate que si me molestaran, lo que pasa es que estar d\u00e1ndole gusto a la gente&#8230; No est\u00e1 padre\u00bb<\/p>\n<p>Finalmente, Susana Zabaleta se mostr\u00f3 enamorada de Ricardo P\u00e9rez con sus respuestas, pues adem\u00e1s de decir abiertamente que lo quiere mucho, subray\u00f3:<\/p>\n<p>Lo que s\u00ed es que s\u00ed creo que si tienes un tesoro tan grande hay que blindarlo. Est\u00e1 bonito que nos llevemos bien, est\u00e1 bonito pues demostrarle al mundo que tambi\u00e9n te puedes seguir enamorando, no importa la edad que tengas\u00bb<\/p>\n<p>&nbsp;<\/p>\n<p>&nbsp;<\/p>\n","protected":false},"excerpt":{"rendered":"<p>Susana Zabaleta y Ricardo P\u00e9rez se han convertido en la pareja del momento, luego de que paulatinamente hicieran su relaci\u00f3n p\u00fablica tras las sospechas de que hab\u00eda algo entre los dos debido a la excelente qu\u00edmica que tuvieron en el programa \u00abDivina Comida\u00bb. Sin embargo, la pareja no hab\u00eda hablado tan abiertamente de su relaci\u00f3n [&hellip;]<\/p>\n","protected":false},"author":1,"featured_media":33649,"comment_status":"open","ping_status":"closed","sticky":false,"template":"","format":"standard","meta":{"footnotes":""},"categories":[3],"tags":[],"class_list":["post-33647","post","type-post","status-publish","format-standard","has-post-thumbnail","hentry","category-espectaculos"],"_links":{"self":[{"href":"https:\/\/solidaridadnews.com\/index.php?rest_route=\/wp\/v2\/posts\/33647","targetHints":{"allow":["GET"]}}],"collection":[{"href":"https:\/\/solidaridadnews.com\/index.php?rest_route=\/wp\/v2\/posts"}],"about":[{"href":"https:\/\/solidaridadnews.com\/index.php?rest_route=\/wp\/v2\/types\/post"}],"author":[{"embeddable":true,"href":"https:\/\/solidaridadnews.com\/index.php?rest_route=\/wp\/v2\/users\/1"}],"replies":[{"embeddable":true,"href":"https:\/\/solidaridadnews.com\/index.php?rest_route=%2Fwp%2Fv2%2Fcomments&post=33647"}],"version-history":[{"count":1,"href":"https:\/\/solidaridadnews.com\/index.php?rest_route=\/wp\/v2\/posts\/33647\/revisions"}],"predecessor-version":[{"id":33648,"href":"https:\/\/solidaridadnews.com\/index.php?rest_route=\/wp\/v2\/posts\/33647\/revisions\/33648"}],"wp:featuredmedia":[{"embeddable":true,"href":"https:\/\/solidaridadnews.com\/index.php?rest_route=\/wp\/v2\/media\/33649"}],"wp:attachment":[{"href":"https:\/\/solidaridadnews.com\/index.php?rest_route=%2Fwp%2Fv2%2Fmedia&parent=33647"}],"wp:term":[{"taxonomy":"category","embeddable":true,"href":"https:\/\/solidaridadnews.com\/index.php?rest_route=%2Fwp%2Fv2%2Fcategories&post=33647"},{"taxonomy":"post_tag","embeddable":true,"href":"https:\/\/solidaridadnews.com\/index.php?rest_route=%2Fwp%2Fv2%2Ftags&post=33647"}],"curies":[{"name":"wp","href":"https:\/\/api.w.org\/{rel}","templated":true}]}}