{"id":33644,"date":"2024-06-07T23:09:21","date_gmt":"2024-06-08T04:09:21","guid":{"rendered":"https:\/\/solidaridadnews.com\/?p=33644"},"modified":"2024-06-08T04:09:23","modified_gmt":"2024-06-08T04:09:23","slug":"se-llevan-el-estadio-azteca-a-pedacitos-sambueza-presume-butaca-del-coloso","status":"publish","type":"post","link":"https:\/\/solidaridadnews.com\/?p=33644","title":{"rendered":"\u00a1Se llevan el Estadio Azteca a &#8216;pedacitos&#8217;! Sambueza presume butaca del Coloso"},"content":{"rendered":"<p>El legendario mediocampista argentino Rubens Sambueza, recordado con cari\u00f1o por la afici\u00f3n americanista por sus destacadas actuaciones y los campeonatos de Liga MX conseguidos en 2013 y 2014, ha vuelto a ser noticia. Esta vez, no por sus haza\u00f1as en el campo, sino por un emotivo gesto que lo vincula a\u00fan m\u00e1s con el Club Am\u00e9rica y el Estadio Azteca.<\/p>\n<p>A trav\u00e9s de una publicaci\u00f3n en su cuenta de Instagram, Sambueza comparti\u00f3 su agradecimiento a la directiva del Am\u00e9rica por permitirle llevarse una butaca del emblem\u00e1tico estadio, que pronto iniciar\u00e1 su remodelaci\u00f3n de cara a la Copa del Mundo 2026.<\/p>\n<p>\u00abComo siempre es un placer volver al majestuoso Estadio Azteca y ayer me invitaron hacer part\u00edcipe de poder llevarme un excelente recuerdo del estadio&#8230; Much\u00edsimas gracias Am\u00e9rica\u00bb, expres\u00f3 el mediocampista en su publicaci\u00f3n.<\/p>\n<p>El Estadio Azteca ser\u00e1 sometido a una importante remodelaci\u00f3n de cara al Mundial 2026, torneo en el que ser\u00e1 sede de cinco partidos, entre ellos el de inauguraci\u00f3n el 11 de junio, por lo que deber\u00e1 cumplir con ciertos requerimientos establecidos por la FIFA para escenarios mundialistas.<\/p>\n<p>Por ello, el Coloso de Santa \u00darsula sufrir\u00e1 cambios estructurales, est\u00e9ticos y de accesibilidad para ofrecer una mejor experiencia a aficionados, medios de comunicaci\u00f3n y jugadores. Adem\u00e1s, su capacidad incrementar\u00e1 a cerca de 90 mil espectadores.<\/p>\n<p>&nbsp;<\/p>\n","protected":false},"excerpt":{"rendered":"<p>El legendario mediocampista argentino Rubens Sambueza, recordado con cari\u00f1o por la afici\u00f3n americanista por sus destacadas actuaciones y los campeonatos de Liga MX conseguidos en 2013 y 2014, ha vuelto a ser noticia. Esta vez, no por sus haza\u00f1as en el campo, sino por un emotivo gesto que lo vincula a\u00fan m\u00e1s con el Club [&hellip;]<\/p>\n","protected":false},"author":1,"featured_media":33646,"comment_status":"open","ping_status":"closed","sticky":false,"template":"","format":"standard","meta":{"footnotes":""},"categories":[1],"tags":[],"class_list":["post-33644","post","type-post","status-publish","format-standard","has-post-thumbnail","hentry","category-uncategorized"],"_links":{"self":[{"href":"https:\/\/solidaridadnews.com\/index.php?rest_route=\/wp\/v2\/posts\/33644","targetHints":{"allow":["GET"]}}],"collection":[{"href":"https:\/\/solidaridadnews.com\/index.php?rest_route=\/wp\/v2\/posts"}],"about":[{"href":"https:\/\/solidaridadnews.com\/index.php?rest_route=\/wp\/v2\/types\/post"}],"author":[{"embeddable":true,"href":"https:\/\/solidaridadnews.com\/index.php?rest_route=\/wp\/v2\/users\/1"}],"replies":[{"embeddable":true,"href":"https:\/\/solidaridadnews.com\/index.php?rest_route=%2Fwp%2Fv2%2Fcomments&post=33644"}],"version-history":[{"count":1,"href":"https:\/\/solidaridadnews.com\/index.php?rest_route=\/wp\/v2\/posts\/33644\/revisions"}],"predecessor-version":[{"id":33645,"href":"https:\/\/solidaridadnews.com\/index.php?rest_route=\/wp\/v2\/posts\/33644\/revisions\/33645"}],"wp:featuredmedia":[{"embeddable":true,"href":"https:\/\/solidaridadnews.com\/index.php?rest_route=\/wp\/v2\/media\/33646"}],"wp:attachment":[{"href":"https:\/\/solidaridadnews.com\/index.php?rest_route=%2Fwp%2Fv2%2Fmedia&parent=33644"}],"wp:term":[{"taxonomy":"category","embeddable":true,"href":"https:\/\/solidaridadnews.com\/index.php?rest_route=%2Fwp%2Fv2%2Fcategories&post=33644"},{"taxonomy":"post_tag","embeddable":true,"href":"https:\/\/solidaridadnews.com\/index.php?rest_route=%2Fwp%2Fv2%2Ftags&post=33644"}],"curies":[{"name":"wp","href":"https:\/\/api.w.org\/{rel}","templated":true}]}}