{"id":33638,"date":"2024-06-06T10:27:22","date_gmt":"2024-06-06T15:27:22","guid":{"rendered":"https:\/\/solidaridadnews.com\/?p=33638"},"modified":"2024-06-06T15:27:23","modified_gmt":"2024-06-06T15:27:23","slug":"se-manifiestan-vecinos-de-playa-paraiso-ante-el-ayuntamiento-exigen-revocar-licencia-del-proyecto-ilegal","status":"publish","type":"post","link":"https:\/\/solidaridadnews.com\/?p=33638","title":{"rendered":"Se manifiestan vecinos de playa Para\u00edso ante el Ayuntamiento; exigen revocar licencia del proyecto ilegal"},"content":{"rendered":"<p>Un grupo de vecinos de playa Para\u00edso se manifestaron esta tarde ante las instalaciones del antiguo Palacio Municipal, ubicado en la plaza \u201c28 de Julio\u201d en el centro de la ciudad, para exigir al Ayuntamiento la revocaci\u00f3n de la licencia de construcci\u00f3n el proyecto denominado \u201cPlaya 35\u201d.<br \/>\nLos manifestantes portaron mantas y pancartas en espa\u00f1ol y en ingl\u00e9s, donde expresaban su desacuerdo por la construcci\u00f3n de 44 departamentos en una zona de anidaci\u00f3n de tortugas marinas en esa playa.<\/p>\n<p>Entrevistada en el lugar, Irma Pulido Caballero, bi\u00f3loga y activista, indic\u00f3 que la manifestaci\u00f3n es para exigir al director de Desarrollo Urbano que revoquen la licencia de construcci\u00f3n que fue otorgada a la desarrolladora DK, la cual, asegura, viola todos los lineamientos del Programa de Ordenamiento Ecol\u00f3gico.<\/p>\n<p>\u201cSi pudieron otorgarla en un plazo de 30 d\u00edas, con 116 d\u00edas que les quedan de mandato tiene el tiempo suficiente para revocar esta licencia irregular\u201d, expres\u00f3 y cuestion\u00f3 que no entienden c\u00f3mo el Ayuntamiento otorg\u00f3 esta licencia si no cumple con los lineamientos.<\/p>\n<p>Adem\u00e1s, la activista present\u00f3 una petici\u00f3n firmada por ciudadanos preocupados por el riesgo que corre el Tortuguero ubicado en un \u00e1rea de Playa Para\u00edso.<\/p>\n<p>Por su parte, Brenda Fernanda de Arrigunaga, presidente de la asociaci\u00f3n de vecinos de Playa Para\u00edso, indic\u00f3 que la empresa no cuenta con sus permisos federales y a\u00fan as\u00ed comenz\u00f3 a construir, lo que conllev\u00f3 a una clausura por parte del Ayuntamiento y la misma Profepa.<\/p>\n<p>\u201cLo que ahora queremos es que les revoquen esa licencia que no es acorde a la densidad de la zona\u201d, expres\u00f3, adem\u00e1s de que pone en riesgo la presencia de las tortugas que arriban cada a\u00f1o a desovar en ese lugar.<\/p>\n<p>\u201cEs una zona de anidaci\u00f3n muy importante, si hacen este proyecto, simplemente las tortugas marinas ya no van a llegar ah\u00ed\u201d, lament\u00f3.<br \/>\nPor \u00faltimo, indic\u00f3 que en una semana estar\u00e1n realizando una consulta ciudadana para conocer la opini\u00f3n de los playenses sobre este proyecto y advirti\u00f3 que volver\u00e1n a manifestarse las veces que sean necesarias, \u201cno vamos a quitar el dedo del rengl\u00f3n\u201d, dijo.<\/p>\n","protected":false},"excerpt":{"rendered":"<p>Un grupo de vecinos de playa Para\u00edso se manifestaron esta tarde ante las instalaciones del antiguo Palacio Municipal, ubicado en la plaza \u201c28 de Julio\u201d en el centro de la ciudad, para exigir al Ayuntamiento la revocaci\u00f3n de la licencia de construcci\u00f3n el proyecto denominado \u201cPlaya 35\u201d. Los manifestantes portaron mantas y pancartas en espa\u00f1ol [&hellip;]<\/p>\n","protected":false},"author":1,"featured_media":33640,"comment_status":"open","ping_status":"closed","sticky":false,"template":"","format":"standard","meta":{"footnotes":""},"categories":[4],"tags":[],"class_list":["post-33638","post","type-post","status-publish","format-standard","has-post-thumbnail","hentry","category-local"],"_links":{"self":[{"href":"https:\/\/solidaridadnews.com\/index.php?rest_route=\/wp\/v2\/posts\/33638","targetHints":{"allow":["GET"]}}],"collection":[{"href":"https:\/\/solidaridadnews.com\/index.php?rest_route=\/wp\/v2\/posts"}],"about":[{"href":"https:\/\/solidaridadnews.com\/index.php?rest_route=\/wp\/v2\/types\/post"}],"author":[{"embeddable":true,"href":"https:\/\/solidaridadnews.com\/index.php?rest_route=\/wp\/v2\/users\/1"}],"replies":[{"embeddable":true,"href":"https:\/\/solidaridadnews.com\/index.php?rest_route=%2Fwp%2Fv2%2Fcomments&post=33638"}],"version-history":[{"count":1,"href":"https:\/\/solidaridadnews.com\/index.php?rest_route=\/wp\/v2\/posts\/33638\/revisions"}],"predecessor-version":[{"id":33639,"href":"https:\/\/solidaridadnews.com\/index.php?rest_route=\/wp\/v2\/posts\/33638\/revisions\/33639"}],"wp:featuredmedia":[{"embeddable":true,"href":"https:\/\/solidaridadnews.com\/index.php?rest_route=\/wp\/v2\/media\/33640"}],"wp:attachment":[{"href":"https:\/\/solidaridadnews.com\/index.php?rest_route=%2Fwp%2Fv2%2Fmedia&parent=33638"}],"wp:term":[{"taxonomy":"category","embeddable":true,"href":"https:\/\/solidaridadnews.com\/index.php?rest_route=%2Fwp%2Fv2%2Fcategories&post=33638"},{"taxonomy":"post_tag","embeddable":true,"href":"https:\/\/solidaridadnews.com\/index.php?rest_route=%2Fwp%2Fv2%2Ftags&post=33638"}],"curies":[{"name":"wp","href":"https:\/\/api.w.org\/{rel}","templated":true}]}}