{"id":33629,"date":"2024-06-06T10:13:23","date_gmt":"2024-06-06T15:13:23","guid":{"rendered":"https:\/\/solidaridadnews.com\/?p=33629"},"modified":"2024-06-06T15:13:24","modified_gmt":"2024-06-06T15:13:24","slug":"christian-nodal-revela-que-tardara-anos-en-eliminar-los-tatuajes-de-su-rostro","status":"publish","type":"post","link":"https:\/\/solidaridadnews.com\/?p=33629","title":{"rendered":"Christian Nodal revela que tardar\u00e1 a\u00f1os en eliminar los tatuajes de su rostro"},"content":{"rendered":"<p>Desde hace unos a\u00f1os Christian Nodal sorprendi\u00f3 al comenzar a tatuarse el rostro y antes del nacimiento de su hija Inti, se\u00f1al\u00f3 que empezar\u00eda el proceso para eliminarlos, ya que le gustar\u00eda que su primog\u00e9nita lo conociera tal y como es.<\/p>\n<p>En entrevista para Sale el Sol, Christian Nodal se\u00f1al\u00f3 que los tatuajes que se realiz\u00f3 en el rostro fue por rebeld\u00eda y ya est\u00e1 en el proceso de eliminarlos por completo.<\/p>\n<p>\u201cEs como cuando alguien se opera la nariz y no le gusta y se la vuelve a operar b\u00e1sicamente, es algo m\u00e1s est\u00e9tico, es meramente est\u00e9tico. Estoy en una etapa en donde ya no me siento tan rebelde y ya no voy en contra de todo el mundo\u201d.<\/p>\n<p>El cantante coment\u00f3 que una de las razones por las que se hizo los tatuajes en el rostro era para ser diferente y no lo encasillaran con otros artistas.<\/p>\n<p>\u201cEn su momento, me encantaban los tatuajes. Lo hice por rebeld\u00eda. Yo sent\u00eda que me quer\u00edan encasillar, como: \u2018que vaya a ser como Don Vicente (Fern\u00e1ndez)\u2019. Quer\u00eda no gustarle a la gente para que nada m\u00e1s le gustara mi m\u00fasica\u201d.<\/p>\n<p>Christian Nodal<br \/>\n\u00bfCu\u00e1ntos a\u00f1os tardar\u00e1 Christian Nodal para eliminar los tatuajes de su rostro?<br \/>\nEn la entrevista, Christian Nodal coment\u00f3 que ya est\u00e1 en el proceso para eliminar los tatuajes de su rostro y que necesitar\u00e1 seis o nueve sesiones para quitarlos por completo.<\/p>\n<p>\u201cDuele mucho. Yo no soy tan disciplinado con esas cosas de cremitas. Se supone que es una sesi\u00f3n cada dos a tres meses. Yo ya tengo tres sesiones\u201d.<\/p>\n<p>En cuanto al tiempo en el que los tatuajes se eliminar\u00e1n de su rostro, dijo que tardar\u00e1 varios a\u00f1os.<\/p>\n<p>\u201cYo creo que en unos cinco a\u00f1os mi cara estar\u00e1 limpia\u201d.<\/p>\n<p>Finalmente, habl\u00f3 sobre las fotos que comparti\u00f3 en Instagram, la cuales fueron tomadas para un video que realiz\u00f3 en donde luce sin tatuajes en el rostro.<\/p>\n<p>\u201cMe maquill\u00e9 para un video que se hizo viral. Para ese video, me gust\u00f3 mucho c\u00f3mo me ve\u00eda, me extra\u00f1\u00e9\u201d.<\/p>\n<p>Todo indica que Christian Nodal se someti\u00f3 a la t\u00e9cnica de photothermolysis que consiste en la aplicaci\u00f3n de luz directa sobre la tinta del tatuaje para eliminarlo.<\/p>\n<p>De acuerdo con Tanya Charry de El Gordo y la Flaca, el costo aproximado por sesi\u00f3n de este tratamiento es de entre mil a cuatro mil d\u00f3lares, alrededor de 20 mil a 80 mil pesos mexicanos.<\/p>\n<p>&nbsp;<\/p>\n","protected":false},"excerpt":{"rendered":"<p>Desde hace unos a\u00f1os Christian Nodal sorprendi\u00f3 al comenzar a tatuarse el rostro y antes del nacimiento de su hija Inti, se\u00f1al\u00f3 que empezar\u00eda el proceso para eliminarlos, ya que le gustar\u00eda que su primog\u00e9nita lo conociera tal y como es. En entrevista para Sale el Sol, Christian Nodal se\u00f1al\u00f3 que los tatuajes que se [&hellip;]<\/p>\n","protected":false},"author":1,"featured_media":33631,"comment_status":"open","ping_status":"closed","sticky":false,"template":"","format":"standard","meta":{"footnotes":""},"categories":[3],"tags":[],"class_list":["post-33629","post","type-post","status-publish","format-standard","has-post-thumbnail","hentry","category-espectaculos"],"_links":{"self":[{"href":"https:\/\/solidaridadnews.com\/index.php?rest_route=\/wp\/v2\/posts\/33629","targetHints":{"allow":["GET"]}}],"collection":[{"href":"https:\/\/solidaridadnews.com\/index.php?rest_route=\/wp\/v2\/posts"}],"about":[{"href":"https:\/\/solidaridadnews.com\/index.php?rest_route=\/wp\/v2\/types\/post"}],"author":[{"embeddable":true,"href":"https:\/\/solidaridadnews.com\/index.php?rest_route=\/wp\/v2\/users\/1"}],"replies":[{"embeddable":true,"href":"https:\/\/solidaridadnews.com\/index.php?rest_route=%2Fwp%2Fv2%2Fcomments&post=33629"}],"version-history":[{"count":1,"href":"https:\/\/solidaridadnews.com\/index.php?rest_route=\/wp\/v2\/posts\/33629\/revisions"}],"predecessor-version":[{"id":33630,"href":"https:\/\/solidaridadnews.com\/index.php?rest_route=\/wp\/v2\/posts\/33629\/revisions\/33630"}],"wp:featuredmedia":[{"embeddable":true,"href":"https:\/\/solidaridadnews.com\/index.php?rest_route=\/wp\/v2\/media\/33631"}],"wp:attachment":[{"href":"https:\/\/solidaridadnews.com\/index.php?rest_route=%2Fwp%2Fv2%2Fmedia&parent=33629"}],"wp:term":[{"taxonomy":"category","embeddable":true,"href":"https:\/\/solidaridadnews.com\/index.php?rest_route=%2Fwp%2Fv2%2Fcategories&post=33629"},{"taxonomy":"post_tag","embeddable":true,"href":"https:\/\/solidaridadnews.com\/index.php?rest_route=%2Fwp%2Fv2%2Ftags&post=33629"}],"curies":[{"name":"wp","href":"https:\/\/api.w.org\/{rel}","templated":true}]}}