{"id":33617,"date":"2024-06-05T09:53:42","date_gmt":"2024-06-05T14:53:42","guid":{"rendered":"https:\/\/solidaridadnews.com\/?p=33617"},"modified":"2024-06-05T14:53:44","modified_gmt":"2024-06-05T14:53:44","slug":"gran-limpieza-en-la-playa-del-carmen","status":"publish","type":"post","link":"https:\/\/solidaridadnews.com\/?p=33617","title":{"rendered":"Gran limpieza en la Playa del Carmen"},"content":{"rendered":"<p>Las delegaciones de Medio Ambiente, Sostenibilidad y Econom\u00eda Azul, y Playas del Ayuntamiento de Barbate, junto con la colaboraci\u00f3n de Voluntarios Trafalgar, llevaron a cabo una jornada de limpieza en la Playa del Carmen con motivo del D\u00eda Internacional del Medio Ambiente, que se celebra el 5 de junio de 2024.<\/p>\n<p>Durante la jornada se recogi\u00f3 una gran cantidad de micro pl\u00e1sticos y colillas, por lo que desde el Ayuntamiento se hizo un llamamiento a vecinos y for\u00e1neos para mantener limpias nuestras playas, apelando a la responsabilidad individual y a la colaboraci\u00f3n ciudadana para cuidar nuestro entorno.<\/p>\n<p>El Ayuntamiento de Barbate destac\u00f3 la importancia de estas acciones para preservar el medio ambiente y subray\u00f3 la necesidad de continuar con estas iniciativas para asegurar playas limpias y saludables para todos.<\/p>\n<p>&nbsp;<\/p>\n","protected":false},"excerpt":{"rendered":"<p>Las delegaciones de Medio Ambiente, Sostenibilidad y Econom\u00eda Azul, y Playas del Ayuntamiento de Barbate, junto con la colaboraci\u00f3n de Voluntarios Trafalgar, llevaron a cabo una jornada de limpieza en la Playa del Carmen con motivo del D\u00eda Internacional del Medio Ambiente, que se celebra el 5 de junio de 2024. Durante la jornada se [&hellip;]<\/p>\n","protected":false},"author":1,"featured_media":33619,"comment_status":"open","ping_status":"closed","sticky":false,"template":"","format":"standard","meta":{"footnotes":""},"categories":[4],"tags":[],"class_list":["post-33617","post","type-post","status-publish","format-standard","has-post-thumbnail","hentry","category-local"],"_links":{"self":[{"href":"https:\/\/solidaridadnews.com\/index.php?rest_route=\/wp\/v2\/posts\/33617","targetHints":{"allow":["GET"]}}],"collection":[{"href":"https:\/\/solidaridadnews.com\/index.php?rest_route=\/wp\/v2\/posts"}],"about":[{"href":"https:\/\/solidaridadnews.com\/index.php?rest_route=\/wp\/v2\/types\/post"}],"author":[{"embeddable":true,"href":"https:\/\/solidaridadnews.com\/index.php?rest_route=\/wp\/v2\/users\/1"}],"replies":[{"embeddable":true,"href":"https:\/\/solidaridadnews.com\/index.php?rest_route=%2Fwp%2Fv2%2Fcomments&post=33617"}],"version-history":[{"count":1,"href":"https:\/\/solidaridadnews.com\/index.php?rest_route=\/wp\/v2\/posts\/33617\/revisions"}],"predecessor-version":[{"id":33618,"href":"https:\/\/solidaridadnews.com\/index.php?rest_route=\/wp\/v2\/posts\/33617\/revisions\/33618"}],"wp:featuredmedia":[{"embeddable":true,"href":"https:\/\/solidaridadnews.com\/index.php?rest_route=\/wp\/v2\/media\/33619"}],"wp:attachment":[{"href":"https:\/\/solidaridadnews.com\/index.php?rest_route=%2Fwp%2Fv2%2Fmedia&parent=33617"}],"wp:term":[{"taxonomy":"category","embeddable":true,"href":"https:\/\/solidaridadnews.com\/index.php?rest_route=%2Fwp%2Fv2%2Fcategories&post=33617"},{"taxonomy":"post_tag","embeddable":true,"href":"https:\/\/solidaridadnews.com\/index.php?rest_route=%2Fwp%2Fv2%2Ftags&post=33617"}],"curies":[{"name":"wp","href":"https:\/\/api.w.org\/{rel}","templated":true}]}}