{"id":33614,"date":"2024-06-05T09:49:23","date_gmt":"2024-06-05T14:49:23","guid":{"rendered":"https:\/\/solidaridadnews.com\/?p=33614"},"modified":"2024-06-05T14:49:24","modified_gmt":"2024-06-05T14:49:24","slug":"nueva-york-ha-recibido-en-dos-anos-a-200-mil-migrantes","status":"publish","type":"post","link":"https:\/\/solidaridadnews.com\/?p=33614","title":{"rendered":"Nueva York ha recibido en dos a\u00f1os a 200 mil migrantes"},"content":{"rendered":"<p>La ciudad de Nueva York ha recibido a unos 200 mil migrantes en los \u00faltimos dos a\u00f1os, a los que ha dado albergue y otros servicios, de acuerdo con el alcalde Eric Adams.<\/p>\n<p>Adams destac\u00f3 este martes que Nueva York ha recibido migrantes \u201cm\u00e1s que cualquier otra ciudad\u201d, desde que el gobernador republicano de Texas, Greg Abbott, comenz\u00f3 a enviar autobuses con inmigrantes que acababan de cruzar la frontera, en protesta por la pol\u00edtica migratoria del presidente dem\u00f3crata Joe Biden.<\/p>\n<p>De ese total, m\u00e1s de 65.000 a\u00fan est\u00e1n en el sistema de albergues p\u00fablicos, estad\u00eda que la administraci\u00f3n Adams tiene ahora limitada a 30 d\u00edas para solteros y 60 para familias con ni\u00f1os.<\/p>\n<p>Debido al flujo, que a\u00fan contin\u00faa -la semana pasada llegaron 1.200-, la ciudad se ha visto obligada a alquilar hoteles y levantar carpas gigantes para migrantes.<\/p>\n<p>La ciudad, que est\u00e1 obligada a dar albergue a quien lo solicite por una orden del tribunal, les provee adem\u00e1s comida, servicios m\u00e9dicos, educaci\u00f3n para los ni\u00f1os, y asistencia legal para solicitar asilo y permisos de trabajo.<\/p>\n<p>Seg\u00fan trascendi\u00f3 este martes, durante el encuentro semanal del alcalde y vicealcaldes con la prensa, cuando comenz\u00f3 el env\u00edo de migrantes en 2022 (fecha en la que tambi\u00e9n Adams lleg\u00f3 a la Alcald\u00eda), hab\u00eda 45 mil neoyorquinos en los refugios.<\/p>\n<p>\u201cActualmente hay 120 mil personas alojadas (contando a las personas sin hogar m\u00e1s los inmigrantes). Esto triplica nuestro sistema de refugios en dos a\u00f1os, destac\u00f3 por su parte la vicealcadesa Sheena Wright.<\/p>\n<p>Mientras que la vicealcaldesa para Salud y Servicios Humanos, Anne Williams-Isom, dijo que espera que con la orden ejecutiva que firm\u00f3 este martes el presidente Joe Biden, que limita la entrada a trav\u00e9s de la frontera de solicitantes de asilo el flujo a la ciudad refleje una merma.<\/p>\n<p>\u201cSab\u00edamos que la Casa Blanca pod\u00eda tomar medidas ejecutivas y vemos que los republicanos no quieren hacer nada en el Congreso y nosotros, las ciudades, necesitamos ayuda\u201d, indic\u00f3 ante los insistentes reclamos de financiaci\u00f3n que han planteado las ciudades receptoras de inmigrantes, principalmente con alcald\u00edas de signo dem\u00f3crata.<\/p>\n","protected":false},"excerpt":{"rendered":"<p>La ciudad de Nueva York ha recibido a unos 200 mil migrantes en los \u00faltimos dos a\u00f1os, a los que ha dado albergue y otros servicios, de acuerdo con el alcalde Eric Adams. Adams destac\u00f3 este martes que Nueva York ha recibido migrantes \u201cm\u00e1s que cualquier otra ciudad\u201d, desde que el gobernador republicano de Texas, [&hellip;]<\/p>\n","protected":false},"author":1,"featured_media":33616,"comment_status":"open","ping_status":"closed","sticky":false,"template":"","format":"standard","meta":{"footnotes":""},"categories":[9],"tags":[],"class_list":["post-33614","post","type-post","status-publish","format-standard","has-post-thumbnail","hentry","category-internacional"],"_links":{"self":[{"href":"https:\/\/solidaridadnews.com\/index.php?rest_route=\/wp\/v2\/posts\/33614","targetHints":{"allow":["GET"]}}],"collection":[{"href":"https:\/\/solidaridadnews.com\/index.php?rest_route=\/wp\/v2\/posts"}],"about":[{"href":"https:\/\/solidaridadnews.com\/index.php?rest_route=\/wp\/v2\/types\/post"}],"author":[{"embeddable":true,"href":"https:\/\/solidaridadnews.com\/index.php?rest_route=\/wp\/v2\/users\/1"}],"replies":[{"embeddable":true,"href":"https:\/\/solidaridadnews.com\/index.php?rest_route=%2Fwp%2Fv2%2Fcomments&post=33614"}],"version-history":[{"count":1,"href":"https:\/\/solidaridadnews.com\/index.php?rest_route=\/wp\/v2\/posts\/33614\/revisions"}],"predecessor-version":[{"id":33615,"href":"https:\/\/solidaridadnews.com\/index.php?rest_route=\/wp\/v2\/posts\/33614\/revisions\/33615"}],"wp:featuredmedia":[{"embeddable":true,"href":"https:\/\/solidaridadnews.com\/index.php?rest_route=\/wp\/v2\/media\/33616"}],"wp:attachment":[{"href":"https:\/\/solidaridadnews.com\/index.php?rest_route=%2Fwp%2Fv2%2Fmedia&parent=33614"}],"wp:term":[{"taxonomy":"category","embeddable":true,"href":"https:\/\/solidaridadnews.com\/index.php?rest_route=%2Fwp%2Fv2%2Fcategories&post=33614"},{"taxonomy":"post_tag","embeddable":true,"href":"https:\/\/solidaridadnews.com\/index.php?rest_route=%2Fwp%2Fv2%2Ftags&post=33614"}],"curies":[{"name":"wp","href":"https:\/\/api.w.org\/{rel}","templated":true}]}}