{"id":33608,"date":"2024-06-05T09:40:45","date_gmt":"2024-06-05T14:40:45","guid":{"rendered":"https:\/\/solidaridadnews.com\/?p=33608"},"modified":"2024-06-05T14:40:46","modified_gmt":"2024-06-05T14:40:46","slug":"kate-middleton-podria-nunca-volver-a-su-papel-real-despues-del-tratamiento-contra-el-cancer","status":"publish","type":"post","link":"https:\/\/solidaridadnews.com\/?p=33608","title":{"rendered":"Kate Middleton podr\u00eda nunca volver a su papel real despu\u00e9s del tratamiento contra el c\u00e1ncer"},"content":{"rendered":"<p>Despu\u00e9s de enfrentar valientemente su diagn\u00f3stico y tratamiento de c\u00e1ncer, el papel de Kate Middleton en la familia real brit\u00e1nica podr\u00eda estar en proceso de transformaci\u00f3n.<\/p>\n<p>En el pasado, era com\u00fan verla brillar junto a su esposo, el pr\u00edncipe William, en numerosos compromisos reales, pero ahora, mientras se recupera de su lucha contra la enfermedad, est\u00e1 reconsiderando qu\u00e9 roles podr\u00e1 asumir en el futuro, revel\u00f3 a US Weekly, una fuente cercana a la familia real<\/p>\n<p>Aunque es posible que su din\u00e1mica en la realeza cambie, su fortaleza y determinaci\u00f3n sigue inspirando a miles de personas.<\/p>\n<p>En tanto, de acuerdo con el experto real Richard Fitzwilliams, cuando la princesa de Gales pueda regresar a sus deberes ser\u00e1 porque el consejo m\u00e9dico as\u00ed lo ha aprobado y \u201cse equilibrar\u00e1 muy cuidadosamente\u201d.<\/p>\n<p>Recientemente Daily Beast revel\u00f3 que posiblemente Kate no aparezca p\u00fablicamente como miembro de la realeza en activo durante el resto de 2024.<\/p>\n<p>Middleton, de 42 a\u00f1os, ha permanecido en gran medida fuera de la vista del p\u00fablico desde enero, cuando se someti\u00f3 a una cirug\u00eda abdominal planificada, tras la cual le diagnosticaron c\u00e1ncer.<\/p>\n<p>Mientras la princesa luchaba valientemente contra su diagn\u00f3stico de c\u00e1ncer, la familia real opt\u00f3 por mantener su privacidad, lo que llev\u00f3 a una oleada de rumores y especulaciones.<\/p>\n<p>Sin embargo, el 22 de marzo, ella misma aclar\u00f3 la situaci\u00f3n, revelando el motivo de su ausencia. Aunque no detall\u00f3 el tipo de c\u00e1ncer que enfrenta, su apertura ayud\u00f3 a disipar las teor\u00edas de conspiraci\u00f3n y demostr\u00f3 su valent\u00eda al enfrentar este duro desaf\u00edo.<\/p>\n<p>\u00abEsto, por supuesto, fue un gran shock, y William y yo hemos estado haciendo todo lo posible para procesar y gestionar esto de forma privada por el bien de nuestra joven familia\u00bb, dijo en un v\u00eddeo grabado sin el Pr\u00edncipe de Gales, de 41 a\u00f1os.<\/p>\n<p>Kate Middleton y el pr\u00edncipe Wiliam comparten tres hijos: el pr\u00edncipe George, de 10 a\u00f1os, la princesa Charlotte, de 8 y el pr\u00edncipe Louis, de 6.<\/p>\n<p>&nbsp;<\/p>\n","protected":false},"excerpt":{"rendered":"<p>Despu\u00e9s de enfrentar valientemente su diagn\u00f3stico y tratamiento de c\u00e1ncer, el papel de Kate Middleton en la familia real brit\u00e1nica podr\u00eda estar en proceso de transformaci\u00f3n. En el pasado, era com\u00fan verla brillar junto a su esposo, el pr\u00edncipe William, en numerosos compromisos reales, pero ahora, mientras se recupera de su lucha contra la enfermedad, [&hellip;]<\/p>\n","protected":false},"author":1,"featured_media":33610,"comment_status":"open","ping_status":"closed","sticky":false,"template":"","format":"standard","meta":{"footnotes":""},"categories":[3],"tags":[],"class_list":["post-33608","post","type-post","status-publish","format-standard","has-post-thumbnail","hentry","category-espectaculos"],"_links":{"self":[{"href":"https:\/\/solidaridadnews.com\/index.php?rest_route=\/wp\/v2\/posts\/33608","targetHints":{"allow":["GET"]}}],"collection":[{"href":"https:\/\/solidaridadnews.com\/index.php?rest_route=\/wp\/v2\/posts"}],"about":[{"href":"https:\/\/solidaridadnews.com\/index.php?rest_route=\/wp\/v2\/types\/post"}],"author":[{"embeddable":true,"href":"https:\/\/solidaridadnews.com\/index.php?rest_route=\/wp\/v2\/users\/1"}],"replies":[{"embeddable":true,"href":"https:\/\/solidaridadnews.com\/index.php?rest_route=%2Fwp%2Fv2%2Fcomments&post=33608"}],"version-history":[{"count":1,"href":"https:\/\/solidaridadnews.com\/index.php?rest_route=\/wp\/v2\/posts\/33608\/revisions"}],"predecessor-version":[{"id":33609,"href":"https:\/\/solidaridadnews.com\/index.php?rest_route=\/wp\/v2\/posts\/33608\/revisions\/33609"}],"wp:featuredmedia":[{"embeddable":true,"href":"https:\/\/solidaridadnews.com\/index.php?rest_route=\/wp\/v2\/media\/33610"}],"wp:attachment":[{"href":"https:\/\/solidaridadnews.com\/index.php?rest_route=%2Fwp%2Fv2%2Fmedia&parent=33608"}],"wp:term":[{"taxonomy":"category","embeddable":true,"href":"https:\/\/solidaridadnews.com\/index.php?rest_route=%2Fwp%2Fv2%2Fcategories&post=33608"},{"taxonomy":"post_tag","embeddable":true,"href":"https:\/\/solidaridadnews.com\/index.php?rest_route=%2Fwp%2Fv2%2Ftags&post=33608"}],"curies":[{"name":"wp","href":"https:\/\/api.w.org\/{rel}","templated":true}]}}