{"id":33605,"date":"2024-06-05T09:34:44","date_gmt":"2024-06-05T14:34:44","guid":{"rendered":"https:\/\/solidaridadnews.com\/?p=33605"},"modified":"2024-06-05T14:34:45","modified_gmt":"2024-06-05T14:34:45","slug":"subasta-del-balon-de-oro-de-maradona-es-detenida-por-una-disputa-de-propiedad","status":"publish","type":"post","link":"https:\/\/solidaridadnews.com\/?p=33605","title":{"rendered":"Subasta del Bal\u00f3n de Oro de Maradona es detenida por una disputa de propiedad"},"content":{"rendered":"<p>Los herederos de Diego Maradona ganaron un fallo de apelaci\u00f3n para detener la subasta de un trofeo que el difunto astro del futbol recibi\u00f3 despu\u00e9s de la Copa del Mundo de 1986 cuando un tribunal franc\u00e9s orden\u00f3 su puesta en posesi\u00f3n judicial este mi\u00e9rcoles.<\/p>\n<p>El tribunal de apelaciones de Versalles anul\u00f3 una decisi\u00f3n judicial el mes pasado que permiti\u00f3 que la subasta del trofeo se llevara a cabo seg\u00fan lo previsto a pesar de la oposici\u00f3n de los herederos de Maradona.<\/p>\n<p>El tribunal argument\u00f3 que exist\u00eda una disputa genuina sobre la propiedad del Bal\u00f3n de Oro del Mundial que recibi\u00f3 Maradona por ser el mejor jugador del torneo de 1986. A la espera de una decisi\u00f3n sobre el fondo del caso, orden\u00f3 su resguardo para evitar cualquier riesgo de nueva desaparici\u00f3n del trofeo, que resurgi\u00f3 despu\u00e9s de estar desaparecido durante d\u00e9cadas.<\/p>\n<p>Gilles Moreu, abogado de los herederos, dijo a The Associated Press que ahora presentar\u00e1 una acci\u00f3n legal para que un tribunal analice los m\u00e9ritos del caso y decida qui\u00e9n es el propietario del trofeo.<\/p>\n<p>El Bal\u00f3n de Oro desapareci\u00f3 en circunstancias inciertas. Los herederos de Maradona afirman que el trofeo fue robado y afirman que el actual propietario no ten\u00eda derecho a venderlo. La casa de subastas Aguttes dijo que el trofeo reapareci\u00f3 en 2016 entre otros lotes adquiridos de una colecci\u00f3n privada en una subasta en Par\u00eds.<\/p>\n<p>El actual propietario y Aguttes afirmaron que cuando compr\u00f3 el trofeo hace a\u00f1os no sab\u00eda que lo hab\u00edan robado.<\/p>\n","protected":false},"excerpt":{"rendered":"<p>Los herederos de Diego Maradona ganaron un fallo de apelaci\u00f3n para detener la subasta de un trofeo que el difunto astro del futbol recibi\u00f3 despu\u00e9s de la Copa del Mundo de 1986 cuando un tribunal franc\u00e9s orden\u00f3 su puesta en posesi\u00f3n judicial este mi\u00e9rcoles. El tribunal de apelaciones de Versalles anul\u00f3 una decisi\u00f3n judicial el [&hellip;]<\/p>\n","protected":false},"author":1,"featured_media":33607,"comment_status":"open","ping_status":"closed","sticky":false,"template":"","format":"standard","meta":{"footnotes":""},"categories":[6],"tags":[],"class_list":["post-33605","post","type-post","status-publish","format-standard","has-post-thumbnail","hentry","category-deportes"],"_links":{"self":[{"href":"https:\/\/solidaridadnews.com\/index.php?rest_route=\/wp\/v2\/posts\/33605","targetHints":{"allow":["GET"]}}],"collection":[{"href":"https:\/\/solidaridadnews.com\/index.php?rest_route=\/wp\/v2\/posts"}],"about":[{"href":"https:\/\/solidaridadnews.com\/index.php?rest_route=\/wp\/v2\/types\/post"}],"author":[{"embeddable":true,"href":"https:\/\/solidaridadnews.com\/index.php?rest_route=\/wp\/v2\/users\/1"}],"replies":[{"embeddable":true,"href":"https:\/\/solidaridadnews.com\/index.php?rest_route=%2Fwp%2Fv2%2Fcomments&post=33605"}],"version-history":[{"count":1,"href":"https:\/\/solidaridadnews.com\/index.php?rest_route=\/wp\/v2\/posts\/33605\/revisions"}],"predecessor-version":[{"id":33606,"href":"https:\/\/solidaridadnews.com\/index.php?rest_route=\/wp\/v2\/posts\/33605\/revisions\/33606"}],"wp:featuredmedia":[{"embeddable":true,"href":"https:\/\/solidaridadnews.com\/index.php?rest_route=\/wp\/v2\/media\/33607"}],"wp:attachment":[{"href":"https:\/\/solidaridadnews.com\/index.php?rest_route=%2Fwp%2Fv2%2Fmedia&parent=33605"}],"wp:term":[{"taxonomy":"category","embeddable":true,"href":"https:\/\/solidaridadnews.com\/index.php?rest_route=%2Fwp%2Fv2%2Fcategories&post=33605"},{"taxonomy":"post_tag","embeddable":true,"href":"https:\/\/solidaridadnews.com\/index.php?rest_route=%2Fwp%2Fv2%2Ftags&post=33605"}],"curies":[{"name":"wp","href":"https:\/\/api.w.org\/{rel}","templated":true}]}}