{"id":33572,"date":"2024-06-03T12:05:03","date_gmt":"2024-06-03T17:05:03","guid":{"rendered":"https:\/\/solidaridadnews.com\/?p=33572"},"modified":"2024-06-03T17:05:04","modified_gmt":"2024-06-03T17:05:04","slug":"zelenski-felicita-a-sheinbaum-y-desea-que-se-una-a-los-esfuerzos-globales-para-una-paz-en-ucrania","status":"publish","type":"post","link":"https:\/\/solidaridadnews.com\/?p=33572","title":{"rendered":"Zelenski felicita a Sheinbaum y desea que se una a los esfuerzos globales para una paz en Ucrania"},"content":{"rendered":"<p>El presidente de Ucrania, Volodimir Zelenski, felicit\u00f3 a Claudia Sheinbaum por \u201csu contundente victoria\u201d en las elecciones presidenciales de M\u00e9xico.<\/p>\n<p>A trav\u00e9s de redes sociales, Zelenski dese\u00f3 a Sheinbaum un mandato en el que M\u00e9xico tenga un mayor bienestar, seguridad y oportunidades econ\u00f3micas.<\/p>\n<p>Pero, sobre todo, que fortalezca su liderazgo global y haya una cooperaci\u00f3n fruct\u00edfera y relaciones m\u00e1s fuertes entre Ucrania y M\u00e9xico.<\/p>\n<p>Zelenski tambi\u00e9n se dijo confiado en que bajo el mandato de Sheinbaum, \u201cM\u00e9xico pueda desempe\u00f1ar un papel importante en los esfuerzos globales para lograr una paz justa y duradera en Ucrania\u201c.<\/p>\n<p>Tras estallar la guerra en febrero de 2022 el a\u00fan presidente Andr\u00e9s Manuel L\u00f3pez Obrador conden\u00f3 la invasi\u00f3n de Rusia a Ucrania, si bien descart\u00f3 sanciones para el pa\u00eds gobernador por Vladimir Putin.<\/p>\n<p>Asimismo M\u00e9xico vot\u00f3 en abstenci\u00f3n la propuesta de expulsar a Rusia del Consejo de Derechos Humanos de las Naciones Unidas.<\/p>\n<p>El Gobierno de L\u00f3pez Obrador hizo un llamado para que el papa Francisco; el primer ministro de la India, Narendra Modi, as\u00ed como el secretario general de las Naciones Unidas, Ant\u00f3nio Guterres, buscaran el di\u00e1logo a fin de frenar la guerra.<\/p>\n<p>Si hay aceptaci\u00f3n tanto de Ucrania como de Rusia de buscar opciones para alcanzar la paz en ese conflicto, nosotros participamos, si las partes en conflicto se ponen de acuerdo y convocan con ese prop\u00f3sito\u201d, dijo.<\/p>\n","protected":false},"excerpt":{"rendered":"<p>El presidente de Ucrania, Volodimir Zelenski, felicit\u00f3 a Claudia Sheinbaum por \u201csu contundente victoria\u201d en las elecciones presidenciales de M\u00e9xico. A trav\u00e9s de redes sociales, Zelenski dese\u00f3 a Sheinbaum un mandato en el que M\u00e9xico tenga un mayor bienestar, seguridad y oportunidades econ\u00f3micas. Pero, sobre todo, que fortalezca su liderazgo global y haya una cooperaci\u00f3n [&hellip;]<\/p>\n","protected":false},"author":1,"featured_media":33574,"comment_status":"open","ping_status":"closed","sticky":false,"template":"","format":"standard","meta":{"footnotes":""},"categories":[9],"tags":[],"class_list":["post-33572","post","type-post","status-publish","format-standard","has-post-thumbnail","hentry","category-internacional"],"_links":{"self":[{"href":"https:\/\/solidaridadnews.com\/index.php?rest_route=\/wp\/v2\/posts\/33572","targetHints":{"allow":["GET"]}}],"collection":[{"href":"https:\/\/solidaridadnews.com\/index.php?rest_route=\/wp\/v2\/posts"}],"about":[{"href":"https:\/\/solidaridadnews.com\/index.php?rest_route=\/wp\/v2\/types\/post"}],"author":[{"embeddable":true,"href":"https:\/\/solidaridadnews.com\/index.php?rest_route=\/wp\/v2\/users\/1"}],"replies":[{"embeddable":true,"href":"https:\/\/solidaridadnews.com\/index.php?rest_route=%2Fwp%2Fv2%2Fcomments&post=33572"}],"version-history":[{"count":1,"href":"https:\/\/solidaridadnews.com\/index.php?rest_route=\/wp\/v2\/posts\/33572\/revisions"}],"predecessor-version":[{"id":33573,"href":"https:\/\/solidaridadnews.com\/index.php?rest_route=\/wp\/v2\/posts\/33572\/revisions\/33573"}],"wp:featuredmedia":[{"embeddable":true,"href":"https:\/\/solidaridadnews.com\/index.php?rest_route=\/wp\/v2\/media\/33574"}],"wp:attachment":[{"href":"https:\/\/solidaridadnews.com\/index.php?rest_route=%2Fwp%2Fv2%2Fmedia&parent=33572"}],"wp:term":[{"taxonomy":"category","embeddable":true,"href":"https:\/\/solidaridadnews.com\/index.php?rest_route=%2Fwp%2Fv2%2Fcategories&post=33572"},{"taxonomy":"post_tag","embeddable":true,"href":"https:\/\/solidaridadnews.com\/index.php?rest_route=%2Fwp%2Fv2%2Ftags&post=33572"}],"curies":[{"name":"wp","href":"https:\/\/api.w.org\/{rel}","templated":true}]}}