{"id":33557,"date":"2024-06-02T18:29:33","date_gmt":"2024-06-02T23:29:33","guid":{"rendered":"https:\/\/solidaridadnews.com\/?p=33557"},"modified":"2024-06-02T23:29:35","modified_gmt":"2024-06-02T23:29:35","slug":"centros-de-acopio-para-reciclaje-estan-operativos-en-solidaridad","status":"publish","type":"post","link":"https:\/\/solidaridadnews.com\/?p=33557","title":{"rendered":"Centros de acopio para reciclaje est\u00e1n operativos en Solidaridad"},"content":{"rendered":"<p>El Ayuntamiento de Solidaridad a trav\u00e9s de la Secretar\u00eda de Servicios P\u00fablicos invita a la ciudadan\u00eda a reciclar, por ello indic\u00f3 que los centros de acopio estar\u00e1n operativos desde las 9 de la ma\u00f1ana hasta la 1 de la tarde, a excepci\u00f3n el ubicado en la Plaza 28 de Julio el cual opera de 9 de la ma\u00f1ana hasta las 4 de la tarde.<\/p>\n<p>Asimismo, mencion\u00f3 que es importante tener en cuenta que el punto fijo ubicado a un costado del estacionamiento de la Secretar\u00eda de Servicios P\u00fablicos en Villamar 1 mantendr\u00e1 los horarios de lunes a viernes de 9 a 4 pm y s\u00e1bados de 9 a 1 de la tarde.<\/p>\n<p>Derivado de lo anterior, se solicita a los participantes del \u201cReciclat\u00f3n\u201d que al traer sus residuos s\u00f3lidos reciclables est\u00e9n limpios, separados y embolsados para facilitar el proceso de reciclaje.<\/p>\n","protected":false},"excerpt":{"rendered":"<p>El Ayuntamiento de Solidaridad a trav\u00e9s de la Secretar\u00eda de Servicios P\u00fablicos invita a la ciudadan\u00eda a reciclar, por ello indic\u00f3 que los centros de acopio estar\u00e1n operativos desde las 9 de la ma\u00f1ana hasta la 1 de la tarde, a excepci\u00f3n el ubicado en la Plaza 28 de Julio el cual opera de 9 [&hellip;]<\/p>\n","protected":false},"author":1,"featured_media":33559,"comment_status":"open","ping_status":"closed","sticky":false,"template":"","format":"standard","meta":{"footnotes":""},"categories":[4],"tags":[],"class_list":["post-33557","post","type-post","status-publish","format-standard","has-post-thumbnail","hentry","category-local"],"_links":{"self":[{"href":"https:\/\/solidaridadnews.com\/index.php?rest_route=\/wp\/v2\/posts\/33557","targetHints":{"allow":["GET"]}}],"collection":[{"href":"https:\/\/solidaridadnews.com\/index.php?rest_route=\/wp\/v2\/posts"}],"about":[{"href":"https:\/\/solidaridadnews.com\/index.php?rest_route=\/wp\/v2\/types\/post"}],"author":[{"embeddable":true,"href":"https:\/\/solidaridadnews.com\/index.php?rest_route=\/wp\/v2\/users\/1"}],"replies":[{"embeddable":true,"href":"https:\/\/solidaridadnews.com\/index.php?rest_route=%2Fwp%2Fv2%2Fcomments&post=33557"}],"version-history":[{"count":1,"href":"https:\/\/solidaridadnews.com\/index.php?rest_route=\/wp\/v2\/posts\/33557\/revisions"}],"predecessor-version":[{"id":33558,"href":"https:\/\/solidaridadnews.com\/index.php?rest_route=\/wp\/v2\/posts\/33557\/revisions\/33558"}],"wp:featuredmedia":[{"embeddable":true,"href":"https:\/\/solidaridadnews.com\/index.php?rest_route=\/wp\/v2\/media\/33559"}],"wp:attachment":[{"href":"https:\/\/solidaridadnews.com\/index.php?rest_route=%2Fwp%2Fv2%2Fmedia&parent=33557"}],"wp:term":[{"taxonomy":"category","embeddable":true,"href":"https:\/\/solidaridadnews.com\/index.php?rest_route=%2Fwp%2Fv2%2Fcategories&post=33557"},{"taxonomy":"post_tag","embeddable":true,"href":"https:\/\/solidaridadnews.com\/index.php?rest_route=%2Fwp%2Fv2%2Ftags&post=33557"}],"curies":[{"name":"wp","href":"https:\/\/api.w.org\/{rel}","templated":true}]}}