{"id":33551,"date":"2024-06-02T18:25:39","date_gmt":"2024-06-02T23:25:39","guid":{"rendered":"https:\/\/solidaridadnews.com\/?p=33551"},"modified":"2024-06-02T23:25:40","modified_gmt":"2024-06-02T23:25:40","slug":"oficial-gable-stevenson-se-convierte-en-nuevo-jugador-de-los-buffalo-bills","status":"publish","type":"post","link":"https:\/\/solidaridadnews.com\/?p=33551","title":{"rendered":"Oficial: Gable Stevenson se convierte en nuevo jugador de los Buffalo Bills"},"content":{"rendered":"<p>El medallista de oro ol\u00edmpico en lucha Gable Stevenson est\u00e1 cambiando la lona por el campo de juego al firmar un contrato de agente libre no reclutado con los Bills de Buffalo el viernes.<\/p>\n<p>Los Bills enlistaron a Stevenson, de 24 a\u00f1os, como liniero defensivo con la esperanza de que su t\u00e9cnica y habilidad le ayuden a hacer la transici\u00f3n al futbol americano.<\/p>\n<p>Con una estatura de 1,80 metros y 120 kilogramos, Stevenson se convirti\u00f3 a los 21 a\u00f1os en el luchador m\u00e1s joven en colgarse la medalla de oro en la categor\u00eda de s\u00faper pesados en los Juegos Ol\u00edmpicos de Tokio en 2021. Despu\u00e9s gan\u00f3 dos campeonatos nacionales en Minnesota en 2021 y 2022 y fue reconocido como el mejor luchador a nivel nacional en Estados Unidos al recibir el trofeo Dan Hodge.<br \/>\nDespu\u00e9s de su segundo campeonato colegial, Stevenson dej\u00f3 sus zapatos en el centro de la colchoneta, en s\u00edmbolo de su retiro la lucha amateur.<\/p>\n<p>Se integra a un equipo de Buffalo al mando del head coach Sean McDermott, quien gan\u00f3 dos campeonatos nacionales en la escuela secundaria mientras crec\u00eda en Pennsylvania. Y aunque McDermott se integr\u00f3 al f\u00fatbol americano despu\u00e9s de la secundaria, le da cr\u00e9dito a la lucha como parte de su desarrollo en la vida.<\/p>\n<p>\u00bbTuve la fortuna de competir en el m\u00e1ximo nivel en mi deporte, pero acepto el reto para ver si mis habilidades en la lucha libre me ayudan a adaptarme al f\u00fatbol americano\u00bb, dijo Stevenson en un comunicado dado a conocer por su agente, Carter Chow. \u00bbEstoy agradecido con el coach McDermott, (el gerente general) Brandon Beane y a la organizaci\u00f3n de los Bills de Buffalo por darme esta oportunidad.<\/p>\n<p>Y aunque el contrato de Stevenson con los Bills es por tres temporadas, no est\u00e1 garantizado a menos de que se integre a la plantilla.<\/p>\n<p>Los Bills le hicieron un lugar a Steveson en el equipo al dejar en libertad a Matt Haack, uno de los tres pateadores que ten\u00edan en el plantel.<\/p>\n<p>&nbsp;<\/p>\n","protected":false},"excerpt":{"rendered":"<p>El medallista de oro ol\u00edmpico en lucha Gable Stevenson est\u00e1 cambiando la lona por el campo de juego al firmar un contrato de agente libre no reclutado con los Bills de Buffalo el viernes. Los Bills enlistaron a Stevenson, de 24 a\u00f1os, como liniero defensivo con la esperanza de que su t\u00e9cnica y habilidad le [&hellip;]<\/p>\n","protected":false},"author":1,"featured_media":33553,"comment_status":"open","ping_status":"closed","sticky":false,"template":"","format":"standard","meta":{"footnotes":""},"categories":[6],"tags":[],"class_list":["post-33551","post","type-post","status-publish","format-standard","has-post-thumbnail","hentry","category-deportes"],"_links":{"self":[{"href":"https:\/\/solidaridadnews.com\/index.php?rest_route=\/wp\/v2\/posts\/33551","targetHints":{"allow":["GET"]}}],"collection":[{"href":"https:\/\/solidaridadnews.com\/index.php?rest_route=\/wp\/v2\/posts"}],"about":[{"href":"https:\/\/solidaridadnews.com\/index.php?rest_route=\/wp\/v2\/types\/post"}],"author":[{"embeddable":true,"href":"https:\/\/solidaridadnews.com\/index.php?rest_route=\/wp\/v2\/users\/1"}],"replies":[{"embeddable":true,"href":"https:\/\/solidaridadnews.com\/index.php?rest_route=%2Fwp%2Fv2%2Fcomments&post=33551"}],"version-history":[{"count":1,"href":"https:\/\/solidaridadnews.com\/index.php?rest_route=\/wp\/v2\/posts\/33551\/revisions"}],"predecessor-version":[{"id":33552,"href":"https:\/\/solidaridadnews.com\/index.php?rest_route=\/wp\/v2\/posts\/33551\/revisions\/33552"}],"wp:featuredmedia":[{"embeddable":true,"href":"https:\/\/solidaridadnews.com\/index.php?rest_route=\/wp\/v2\/media\/33553"}],"wp:attachment":[{"href":"https:\/\/solidaridadnews.com\/index.php?rest_route=%2Fwp%2Fv2%2Fmedia&parent=33551"}],"wp:term":[{"taxonomy":"category","embeddable":true,"href":"https:\/\/solidaridadnews.com\/index.php?rest_route=%2Fwp%2Fv2%2Fcategories&post=33551"},{"taxonomy":"post_tag","embeddable":true,"href":"https:\/\/solidaridadnews.com\/index.php?rest_route=%2Fwp%2Fv2%2Ftags&post=33551"}],"curies":[{"name":"wp","href":"https:\/\/api.w.org\/{rel}","templated":true}]}}