{"id":33548,"date":"2024-06-02T18:20:21","date_gmt":"2024-06-02T23:20:21","guid":{"rendered":"https:\/\/solidaridadnews.com\/?p=33548"},"modified":"2024-06-02T23:20:23","modified_gmt":"2024-06-02T23:20:23","slug":"ana-gabriel-comparte-actualizacion-sobre-su-estado-de-salud-a-una-semana-de-que-se-complicara","status":"publish","type":"post","link":"https:\/\/solidaridadnews.com\/?p=33548","title":{"rendered":"Ana Gabriel comparte actualizaci\u00f3n sobre su estado de salud a una semana de que se complicara"},"content":{"rendered":"<p>Ana Gabriel ha estado hospitalizada luego de haberse contagiado de influenza el pasado 16 de mayo, enfermedad que le ha afectado bastante, pero que tambi\u00e9n preocup\u00f3 a sus seguidores.<\/p>\n<p>Fue el pasado 19 de mayo cuando la cantautora mexicana revel\u00f3 que su salud se hab\u00eda complicado y la influenza se transform\u00f3 en neumon\u00eda:<\/p>\n<p>Dadas las condiciones m\u00e9dicas, regreso a Miami, poderme reponer de esta neumon\u00eda porque no vemos un cambio favorable, sigo estando con mucho medicamento y es mi vida, es mi salud, es mi m\u00fasica, son ustedes. Gracias por el entendimiento\u00bb<\/p>\n<p>\u00bfCu\u00e1l es el estado de salud de Ana Gabriel este 31 de mayo?<br \/>\nLuego de haber preocupado a sus seguidores, quienes se han mantenido al pendiente de su evoluci\u00f3n, Ana Gabriel public\u00f3 una actualizaci\u00f3n de su estado de salud a trav\u00e9s de un video de Instagram:<\/p>\n<p>Mis queridos amigos&#8230; Aqu\u00ed report\u00e1ndome con una mejor\u00eda en mi salud, s\u00e9 que est\u00e1n preocupados\u00bb<\/p>\n<p>La cantante luce mucho mejor que en videos pasados, por lo cual, aprovech\u00f3 para decir c\u00f3mo continuar\u00e1 su gira:<br \/>\nPero quiero decirles que la gira &#8216;Un deseo m\u00e1s&#8217; va a continuar, a partir del 7 de junio en Santiago de Chile, de ah\u00ed me pas\u00f3 a Paraguay y de Paraguay a Colombia, Monter\u00eda, Bucaramanga, Cali, Villavicencio, Leiva, regreso a Europa y de Europa me regreso para estar en Brasil, 26 de julio\u00bb<\/p>\n<p>Finalmente, la int\u00e9rprete de \u00abQui\u00e9n como t\u00fa\u00bb se mostr\u00f3 feliz de estar recuper\u00e1ndose favorablemente y poder reencontrarse con su p\u00fablico, ya que este mes que entra regresar\u00e1 a sus actividades:<\/p>\n<p>La m\u00e1s feliz de poder decirles que mi mejor\u00eda, mi salud, est\u00e1 viento en popa\u00bb<\/p>\n<p>&nbsp;<\/p>\n","protected":false},"excerpt":{"rendered":"<p>Ana Gabriel ha estado hospitalizada luego de haberse contagiado de influenza el pasado 16 de mayo, enfermedad que le ha afectado bastante, pero que tambi\u00e9n preocup\u00f3 a sus seguidores. Fue el pasado 19 de mayo cuando la cantautora mexicana revel\u00f3 que su salud se hab\u00eda complicado y la influenza se transform\u00f3 en neumon\u00eda: Dadas las [&hellip;]<\/p>\n","protected":false},"author":1,"featured_media":33550,"comment_status":"open","ping_status":"closed","sticky":false,"template":"","format":"standard","meta":{"footnotes":""},"categories":[3],"tags":[],"class_list":["post-33548","post","type-post","status-publish","format-standard","has-post-thumbnail","hentry","category-espectaculos"],"_links":{"self":[{"href":"https:\/\/solidaridadnews.com\/index.php?rest_route=\/wp\/v2\/posts\/33548","targetHints":{"allow":["GET"]}}],"collection":[{"href":"https:\/\/solidaridadnews.com\/index.php?rest_route=\/wp\/v2\/posts"}],"about":[{"href":"https:\/\/solidaridadnews.com\/index.php?rest_route=\/wp\/v2\/types\/post"}],"author":[{"embeddable":true,"href":"https:\/\/solidaridadnews.com\/index.php?rest_route=\/wp\/v2\/users\/1"}],"replies":[{"embeddable":true,"href":"https:\/\/solidaridadnews.com\/index.php?rest_route=%2Fwp%2Fv2%2Fcomments&post=33548"}],"version-history":[{"count":1,"href":"https:\/\/solidaridadnews.com\/index.php?rest_route=\/wp\/v2\/posts\/33548\/revisions"}],"predecessor-version":[{"id":33549,"href":"https:\/\/solidaridadnews.com\/index.php?rest_route=\/wp\/v2\/posts\/33548\/revisions\/33549"}],"wp:featuredmedia":[{"embeddable":true,"href":"https:\/\/solidaridadnews.com\/index.php?rest_route=\/wp\/v2\/media\/33550"}],"wp:attachment":[{"href":"https:\/\/solidaridadnews.com\/index.php?rest_route=%2Fwp%2Fv2%2Fmedia&parent=33548"}],"wp:term":[{"taxonomy":"category","embeddable":true,"href":"https:\/\/solidaridadnews.com\/index.php?rest_route=%2Fwp%2Fv2%2Fcategories&post=33548"},{"taxonomy":"post_tag","embeddable":true,"href":"https:\/\/solidaridadnews.com\/index.php?rest_route=%2Fwp%2Fv2%2Ftags&post=33548"}],"curies":[{"name":"wp","href":"https:\/\/api.w.org\/{rel}","templated":true}]}}