{"id":33539,"date":"2024-06-01T13:53:17","date_gmt":"2024-06-01T18:53:17","guid":{"rendered":"https:\/\/solidaridadnews.com\/?p=33539"},"modified":"2024-06-01T18:53:18","modified_gmt":"2024-06-01T18:53:18","slug":"llegan-a-la-cdmx-restos-de-orion-hernandez-mexicano-secuestrado-por-hamas","status":"publish","type":"post","link":"https:\/\/solidaridadnews.com\/?p=33539","title":{"rendered":"Llegan a la CDMX restos de Ori\u00f3n Hern\u00e1ndez, mexicano secuestrado por Ham\u00e1s"},"content":{"rendered":"<p>El cad\u00e1ver del franco-mexicano Ori\u00f3n Hern\u00e1ndez Radoux, quien muri\u00f3 durante el ataque de Ham\u00e1s contra territorio israel\u00ed el 7 de octubre, llegaron a Ciudad de M\u00e9xico (CDMX) este viernes, informaron autoridades.<\/p>\n<p>\u201cLos restos de Ori\u00f3n fueron recibidos en el Aeropuerto (\u2026) por personal de la canciller\u00eda, que ha brindado asistencia en todo momento a los deudos\u201d, inform\u00f3 un comunicado de la secretar\u00eda de Relaciones Exteriores.<\/p>\n<p>El cuerpo sin vida de Ori\u00f3n fue recuperado por el ej\u00e9rcito israel\u00ed la semana pasada en la Franja de Gaza, junto con los de otros dos hombres, incluido un israelo- brasile\u00f1o.<\/p>\n<p>Hern\u00e1ndez Radoux naci\u00f3 en Morelos, pero ten\u00eda doble nacionalidad, dado que su madre es francesa.<\/p>\n<p>El joven de 32 a\u00f1os se encontraba en el festival de m\u00fasica electr\u00f3nica Nova, a pocos kil\u00f3metros de Gaza, con su novia, cuya muerte fue confirmada por autoridades israel\u00edes a finales de octubre.<\/p>\n<p>Seg\u00fan el ej\u00e9rcito de Israel, el franco-mexicano muri\u00f3 durante el ataque del 7 de octubre y su cuerpo fue llevado a Gaza.<\/p>\n","protected":false},"excerpt":{"rendered":"<p>El cad\u00e1ver del franco-mexicano Ori\u00f3n Hern\u00e1ndez Radoux, quien muri\u00f3 durante el ataque de Ham\u00e1s contra territorio israel\u00ed el 7 de octubre, llegaron a Ciudad de M\u00e9xico (CDMX) este viernes, informaron autoridades. \u201cLos restos de Ori\u00f3n fueron recibidos en el Aeropuerto (\u2026) por personal de la canciller\u00eda, que ha brindado asistencia en todo momento a los [&hellip;]<\/p>\n","protected":false},"author":1,"featured_media":33541,"comment_status":"open","ping_status":"closed","sticky":false,"template":"","format":"standard","meta":{"footnotes":""},"categories":[2],"tags":[],"class_list":["post-33539","post","type-post","status-publish","format-standard","has-post-thumbnail","hentry","category-nacional"],"_links":{"self":[{"href":"https:\/\/solidaridadnews.com\/index.php?rest_route=\/wp\/v2\/posts\/33539","targetHints":{"allow":["GET"]}}],"collection":[{"href":"https:\/\/solidaridadnews.com\/index.php?rest_route=\/wp\/v2\/posts"}],"about":[{"href":"https:\/\/solidaridadnews.com\/index.php?rest_route=\/wp\/v2\/types\/post"}],"author":[{"embeddable":true,"href":"https:\/\/solidaridadnews.com\/index.php?rest_route=\/wp\/v2\/users\/1"}],"replies":[{"embeddable":true,"href":"https:\/\/solidaridadnews.com\/index.php?rest_route=%2Fwp%2Fv2%2Fcomments&post=33539"}],"version-history":[{"count":1,"href":"https:\/\/solidaridadnews.com\/index.php?rest_route=\/wp\/v2\/posts\/33539\/revisions"}],"predecessor-version":[{"id":33540,"href":"https:\/\/solidaridadnews.com\/index.php?rest_route=\/wp\/v2\/posts\/33539\/revisions\/33540"}],"wp:featuredmedia":[{"embeddable":true,"href":"https:\/\/solidaridadnews.com\/index.php?rest_route=\/wp\/v2\/media\/33541"}],"wp:attachment":[{"href":"https:\/\/solidaridadnews.com\/index.php?rest_route=%2Fwp%2Fv2%2Fmedia&parent=33539"}],"wp:term":[{"taxonomy":"category","embeddable":true,"href":"https:\/\/solidaridadnews.com\/index.php?rest_route=%2Fwp%2Fv2%2Fcategories&post=33539"},{"taxonomy":"post_tag","embeddable":true,"href":"https:\/\/solidaridadnews.com\/index.php?rest_route=%2Fwp%2Fv2%2Ftags&post=33539"}],"curies":[{"name":"wp","href":"https:\/\/api.w.org\/{rel}","templated":true}]}}