{"id":33536,"date":"2024-06-01T13:50:45","date_gmt":"2024-06-01T18:50:45","guid":{"rendered":"https:\/\/solidaridadnews.com\/?p=33536"},"modified":"2024-06-01T18:50:46","modified_gmt":"2024-06-01T18:50:46","slug":"detienen-a-activista-ambiental-por-pegar-cartel-sobre-cuadro-de-monet","status":"publish","type":"post","link":"https:\/\/solidaridadnews.com\/?p=33536","title":{"rendered":"Detienen a activista ambiental por pegar cartel sobre cuadro de Monet"},"content":{"rendered":"<p>Una activista fue detenida este s\u00e1bado por pegar un cartel adhesivo sobre un cuadro de Monet en el Museo de Orsay de Par\u00eds para llamar la atenci\u00f3n sobre el calentamiento global, indic\u00f3 una fuente policial.<\/p>\n<p>En un video publicado en la red social X se ve a la mujer, miembro de \u201cRiposte Alimentaire\u201d (Respuesta Alimentaria) -un grupo de activistas medioambientales y defensores de la producci\u00f3n sostenible de alimentos-, pegar una pegatina roja sobre el cuadro \u201cCoquelicots\u201d (Amapolas) de Claude Monet, pintor impresionista franc\u00e9s.<\/p>\n<p>Activista pega cartel en cuadro de Monet<br \/>\n\u201cEsta imagen de pesadilla es lo que nos espera si no se pone en marcha ninguna alternativa\u201d, afirma la activista en el video, refiri\u00e9ndose a la pegatina que muestra un paisaje apocal\u00edptico en llamas<br \/>\nEl cuadro de Monet, terminado en 1873 y que muestra a personas con sombrillas paseando por un campo de amapolas, estaba protegido por un cristal.<\/p>\n<p>\u201cTras ser examinada y tratada por una restauradora, la obra volvi\u00f3 a colgarse\u201d, declar\u00f3 a la direcci\u00f3n del museo, que anunci\u00f3 su intenci\u00f3n de querellarse.<\/p>\n<p>M\u00e1s ataques por activistas clim\u00e1ticos a obras de arte<br \/>\nRiposte Alimentaire ha reivindicado la autor\u00eda de varios ataques contra obras de arte en un intento de llamar la atenci\u00f3n sobre la crisis clim\u00e1tica.<\/p>\n<p>Estos incluyen ataques con sopa a la Gioconda del Louvre y a otro cuadro de Monet, \u201cPrimavera\u201d, en el Museo de Bellas Artes de Lyon en febrero.<\/p>\n<p>El mes pasado, activistas del grupo pegaron octavillas alrededor de \u201cLa Libertad guiando al pueblo\u201d, un cuadro de Eug\u00e8ne Delacroix en el Louvre.<\/p>\n<p>En abril, dos de sus miembros fueron detenidos en el Museo de Orsay, ante la sospecha de que preparaban una acci\u00f3n.<\/p>\n","protected":false},"excerpt":{"rendered":"<p>Una activista fue detenida este s\u00e1bado por pegar un cartel adhesivo sobre un cuadro de Monet en el Museo de Orsay de Par\u00eds para llamar la atenci\u00f3n sobre el calentamiento global, indic\u00f3 una fuente policial. En un video publicado en la red social X se ve a la mujer, miembro de \u201cRiposte Alimentaire\u201d (Respuesta Alimentaria) [&hellip;]<\/p>\n","protected":false},"author":1,"featured_media":33538,"comment_status":"open","ping_status":"closed","sticky":false,"template":"","format":"standard","meta":{"footnotes":""},"categories":[9],"tags":[],"class_list":["post-33536","post","type-post","status-publish","format-standard","has-post-thumbnail","hentry","category-internacional"],"_links":{"self":[{"href":"https:\/\/solidaridadnews.com\/index.php?rest_route=\/wp\/v2\/posts\/33536","targetHints":{"allow":["GET"]}}],"collection":[{"href":"https:\/\/solidaridadnews.com\/index.php?rest_route=\/wp\/v2\/posts"}],"about":[{"href":"https:\/\/solidaridadnews.com\/index.php?rest_route=\/wp\/v2\/types\/post"}],"author":[{"embeddable":true,"href":"https:\/\/solidaridadnews.com\/index.php?rest_route=\/wp\/v2\/users\/1"}],"replies":[{"embeddable":true,"href":"https:\/\/solidaridadnews.com\/index.php?rest_route=%2Fwp%2Fv2%2Fcomments&post=33536"}],"version-history":[{"count":1,"href":"https:\/\/solidaridadnews.com\/index.php?rest_route=\/wp\/v2\/posts\/33536\/revisions"}],"predecessor-version":[{"id":33537,"href":"https:\/\/solidaridadnews.com\/index.php?rest_route=\/wp\/v2\/posts\/33536\/revisions\/33537"}],"wp:featuredmedia":[{"embeddable":true,"href":"https:\/\/solidaridadnews.com\/index.php?rest_route=\/wp\/v2\/media\/33538"}],"wp:attachment":[{"href":"https:\/\/solidaridadnews.com\/index.php?rest_route=%2Fwp%2Fv2%2Fmedia&parent=33536"}],"wp:term":[{"taxonomy":"category","embeddable":true,"href":"https:\/\/solidaridadnews.com\/index.php?rest_route=%2Fwp%2Fv2%2Fcategories&post=33536"},{"taxonomy":"post_tag","embeddable":true,"href":"https:\/\/solidaridadnews.com\/index.php?rest_route=%2Fwp%2Fv2%2Ftags&post=33536"}],"curies":[{"name":"wp","href":"https:\/\/api.w.org\/{rel}","templated":true}]}}