{"id":33533,"date":"2024-06-01T13:48:13","date_gmt":"2024-06-01T18:48:13","guid":{"rendered":"https:\/\/solidaridadnews.com\/?p=33533"},"modified":"2024-06-01T18:48:14","modified_gmt":"2024-06-01T18:48:14","slug":"rafael-amaya-debuto-como-cantante-de-corridos-gracias-a-aurelio-casillas-el-senor-de-los-cielos","status":"publish","type":"post","link":"https:\/\/solidaridadnews.com\/?p=33533","title":{"rendered":"Rafael Amaya debut\u00f3 como cantante de corridos gracias a Aurelio Casillas, el se\u00f1or de los cielos"},"content":{"rendered":"<p>Rafael Amaya no canta mal las rancheras, el actor mexicano, que se consagr\u00f3 internacionalmente gracias a su personaje de Aurelio Casillas, en la serie \u00abEl se\u00f1or de los cielos\u00bb, de joven so\u00f1aba con tener un grupo musical, pas\u00f3 por su mente tocar con grandes del ska como Pante\u00f3n Rococ\u00f3, sin embargo, el destino le ten\u00eda preparado otro camino.<\/p>\n<p>Amaya, quien se despide de Aurelio Casillas y \u00abEl se\u00f1or de los cielos\u00bb tras una d\u00e9cada, deleit\u00f3 a sus seguidores no s\u00f3lo con su aplaudida actuaci\u00f3n, sino con su voz que musicaliz\u00f3 la octava temporada de la serie.<\/p>\n<p>Antes de que llegara este momento, y como parte de la promoci\u00f3n de la serie de Telemundo, Rafa Amaya apareci\u00f3 hace seis a\u00f1os como Aurelio Casillas en un palenque de Juli\u00f3n \u00c1lvarez, desatando la locura entre los presentes.<\/p>\n<p>Cuando Amaya, siendo Aurelio Casillas se subi\u00f3 al autom\u00f3vil de Don Francisco, demostr\u00f3 que la cantada se le daba, pues interpret\u00f3 parte de \u00abQuerida\u00bb, tema de Juan Gabriel.<\/p>\n<p>Aurelio Casillas tambi\u00e9n comparti\u00f3 escenario con Los Rojos, una Banda de norte\u00f1o originaria de Monterrey, Nuevo Le\u00f3n, quienes le compusieron un corrido a su sanguinario personaje.<\/p>\n<p>Rafael Amaya debuta en los corridos<br \/>\nJunto a Tito Double P y C\u00f3digo FN, Rafael Amaya interpreta \u00abLa bestia\u00bb, un corrido cuyo video se estren\u00f3 el pasado mes de febrero y cuya m\u00fasica forma parte de la serie que est\u00e1 por llegar a su fin.<\/p>\n<p>El actor de 47 a\u00f1os sum\u00f3 su voz al tema que habla que dice: \u00abDespertaron a la bestia ya saben que le molesta y cuidado si dice arre. Trae el diablo en la mirada mejor no le digas nada porque se te arma un des**. No le tiene miedo a nada va a morir hechando bala b\u00e9lico como su padre. Con la mirada intimida en el negocio hay envidia tan bien altas y bajadas. Sinaloa es como su cuna lo que tiene lo disfruta hay respaldo y hay confianza\u00bb.<\/p>\n<p>&nbsp;<\/p>\n","protected":false},"excerpt":{"rendered":"<p>Rafael Amaya no canta mal las rancheras, el actor mexicano, que se consagr\u00f3 internacionalmente gracias a su personaje de Aurelio Casillas, en la serie \u00abEl se\u00f1or de los cielos\u00bb, de joven so\u00f1aba con tener un grupo musical, pas\u00f3 por su mente tocar con grandes del ska como Pante\u00f3n Rococ\u00f3, sin embargo, el destino le ten\u00eda [&hellip;]<\/p>\n","protected":false},"author":1,"featured_media":33535,"comment_status":"open","ping_status":"closed","sticky":false,"template":"","format":"standard","meta":{"footnotes":""},"categories":[3],"tags":[],"class_list":["post-33533","post","type-post","status-publish","format-standard","has-post-thumbnail","hentry","category-espectaculos"],"_links":{"self":[{"href":"https:\/\/solidaridadnews.com\/index.php?rest_route=\/wp\/v2\/posts\/33533","targetHints":{"allow":["GET"]}}],"collection":[{"href":"https:\/\/solidaridadnews.com\/index.php?rest_route=\/wp\/v2\/posts"}],"about":[{"href":"https:\/\/solidaridadnews.com\/index.php?rest_route=\/wp\/v2\/types\/post"}],"author":[{"embeddable":true,"href":"https:\/\/solidaridadnews.com\/index.php?rest_route=\/wp\/v2\/users\/1"}],"replies":[{"embeddable":true,"href":"https:\/\/solidaridadnews.com\/index.php?rest_route=%2Fwp%2Fv2%2Fcomments&post=33533"}],"version-history":[{"count":1,"href":"https:\/\/solidaridadnews.com\/index.php?rest_route=\/wp\/v2\/posts\/33533\/revisions"}],"predecessor-version":[{"id":33534,"href":"https:\/\/solidaridadnews.com\/index.php?rest_route=\/wp\/v2\/posts\/33533\/revisions\/33534"}],"wp:featuredmedia":[{"embeddable":true,"href":"https:\/\/solidaridadnews.com\/index.php?rest_route=\/wp\/v2\/media\/33535"}],"wp:attachment":[{"href":"https:\/\/solidaridadnews.com\/index.php?rest_route=%2Fwp%2Fv2%2Fmedia&parent=33533"}],"wp:term":[{"taxonomy":"category","embeddable":true,"href":"https:\/\/solidaridadnews.com\/index.php?rest_route=%2Fwp%2Fv2%2Fcategories&post=33533"},{"taxonomy":"post_tag","embeddable":true,"href":"https:\/\/solidaridadnews.com\/index.php?rest_route=%2Fwp%2Fv2%2Ftags&post=33533"}],"curies":[{"name":"wp","href":"https:\/\/api.w.org\/{rel}","templated":true}]}}