{"id":33530,"date":"2024-06-01T13:43:07","date_gmt":"2024-06-01T18:43:07","guid":{"rendered":"https:\/\/solidaridadnews.com\/?p=33530"},"modified":"2024-06-01T18:43:08","modified_gmt":"2024-06-01T18:43:08","slug":"dortmund-firma-con-fabricante-de-armas-antes-de-la-final-de-champions","status":"publish","type":"post","link":"https:\/\/solidaridadnews.com\/?p=33530","title":{"rendered":"Dortmund firma con fabricante de armas antes de la final de Champions"},"content":{"rendered":"<p>El ministro de econom\u00eda alem\u00e1n, Robert Habeck, dijo que el patrocinio en un club de futbol era una medida inusual que \u00abmuestra nuestra posici\u00f3n\u00bb<br \/>\nEl Borussia Dortmund ha firmado un nuevo acuerdo de patrocinio con el fabricante de armas alem\u00e1n Rheinmetall y mostrar\u00e1 el logotipo de la empresa de defensa antes de enfrentarse al Real Madrid en la final de la Champions League.<\/p>\n<p>El mi\u00e9rcoles, Dortmund dijo que el acuerdo de tres a\u00f1os con Rheinmetall incluye \u00abun amplio espacio publicitario, derechos de marketing y arreglos para eventos y hospitalidad en el estadio y en los terrenos del club\u00bb, a partir de la preparaci\u00f3n de esta semana para la final de la Champions League el s\u00e1bado.<\/p>\n<p>Rheinmetall est\u00e1 construyendo una nueva planta en el norte de Alemania para producir alrededor de 200,000 proyectiles de artiller\u00eda por a\u00f1o como parte de los esfuerzos europeos para aumentar la producci\u00f3n de armas en el contexto de la guerra de Rusia en Ucrania.<\/p>\n<p>\u00abLa seguridad y la defensa son pilares fundamentales de nuestra democracia. Por eso creemos que es la decisi\u00f3n correcta examinar muy de cerca c\u00f3mo protegemos estos pilares\u00bb, dijo el presidente del Dortmund, Hans-Joachim Watzke, en un comunicado.<\/p>\n<p>\u00abEspecialmente hoy, cuando vemos todos los d\u00edas c\u00f3mo se debe defender la libertad en Europa. Deber\u00edamos afrontar esta nueva normalidad\u00bb.<\/p>\n<p>El ministro de econom\u00eda alem\u00e1n, Robert Habeck, dijo el mi\u00e9rcoles que el patrocinio en un club de futbol por parte de Rheinmetall era una medida inusual que \u00abmuestra nuestra posici\u00f3n\u00bb.<\/p>\n<p>SELECCIONES EDITORIALES<\/p>\n<p>Lo que debes saber del Dortmund antes de la final de Champions<br \/>\n22hAlberto Hern\u00e1ndez<\/p>\n<p>Borussia Dortmund: or\u00edgenes, significado del BVB, colores y mascota<br \/>\n2dSergio Dom\u00ednguez Cardoso<\/p>\n<p>Ancelotti: Rodrygo \u00abes y ser\u00e1 pieza importante\u00bb del Real Madrid<br \/>\n1dESPN Digita<br \/>\n\u00abDebido a la nueva realidad, ignorar la industria armament\u00edstica ya no es sostenible en Alemania\u00bb, afirm\u00f3 Habeck tras una reuni\u00f3n del gobierno.<\/p>\n<p>\u00abSabemos y lamentablemente tenemos que admitir que estamos en un mundo diferente y m\u00e1s amenazador\u00bb.<\/p>\n<p>El logotipo de Rheinmetall sustituir\u00e1 al del proveedor de telecomunicaciones 1&amp;1 en la parte delantera de la camiseta del Dortmund.<\/p>\n<p>&nbsp;<\/p>\n<p>&nbsp;<\/p>\n","protected":false},"excerpt":{"rendered":"<p>El ministro de econom\u00eda alem\u00e1n, Robert Habeck, dijo que el patrocinio en un club de futbol era una medida inusual que \u00abmuestra nuestra posici\u00f3n\u00bb El Borussia Dortmund ha firmado un nuevo acuerdo de patrocinio con el fabricante de armas alem\u00e1n Rheinmetall y mostrar\u00e1 el logotipo de la empresa de defensa antes de enfrentarse al Real [&hellip;]<\/p>\n","protected":false},"author":1,"featured_media":33532,"comment_status":"open","ping_status":"closed","sticky":false,"template":"","format":"standard","meta":{"footnotes":""},"categories":[6],"tags":[],"class_list":["post-33530","post","type-post","status-publish","format-standard","has-post-thumbnail","hentry","category-deportes"],"_links":{"self":[{"href":"https:\/\/solidaridadnews.com\/index.php?rest_route=\/wp\/v2\/posts\/33530","targetHints":{"allow":["GET"]}}],"collection":[{"href":"https:\/\/solidaridadnews.com\/index.php?rest_route=\/wp\/v2\/posts"}],"about":[{"href":"https:\/\/solidaridadnews.com\/index.php?rest_route=\/wp\/v2\/types\/post"}],"author":[{"embeddable":true,"href":"https:\/\/solidaridadnews.com\/index.php?rest_route=\/wp\/v2\/users\/1"}],"replies":[{"embeddable":true,"href":"https:\/\/solidaridadnews.com\/index.php?rest_route=%2Fwp%2Fv2%2Fcomments&post=33530"}],"version-history":[{"count":1,"href":"https:\/\/solidaridadnews.com\/index.php?rest_route=\/wp\/v2\/posts\/33530\/revisions"}],"predecessor-version":[{"id":33531,"href":"https:\/\/solidaridadnews.com\/index.php?rest_route=\/wp\/v2\/posts\/33530\/revisions\/33531"}],"wp:featuredmedia":[{"embeddable":true,"href":"https:\/\/solidaridadnews.com\/index.php?rest_route=\/wp\/v2\/media\/33532"}],"wp:attachment":[{"href":"https:\/\/solidaridadnews.com\/index.php?rest_route=%2Fwp%2Fv2%2Fmedia&parent=33530"}],"wp:term":[{"taxonomy":"category","embeddable":true,"href":"https:\/\/solidaridadnews.com\/index.php?rest_route=%2Fwp%2Fv2%2Fcategories&post=33530"},{"taxonomy":"post_tag","embeddable":true,"href":"https:\/\/solidaridadnews.com\/index.php?rest_route=%2Fwp%2Fv2%2Ftags&post=33530"}],"curies":[{"name":"wp","href":"https:\/\/api.w.org\/{rel}","templated":true}]}}