{"id":33527,"date":"2024-05-31T13:16:50","date_gmt":"2024-05-31T18:16:50","guid":{"rendered":"https:\/\/solidaridadnews.com\/?p=33527"},"modified":"2024-05-31T18:16:51","modified_gmt":"2024-05-31T18:16:51","slug":"se-mantienen-activos-11-incendios-forestales-en-quintana-roo-son-ya-mas-de-7-mil-hectareas-afectadas","status":"publish","type":"post","link":"https:\/\/solidaridadnews.com\/?p=33527","title":{"rendered":"Se mantienen activos 11 incendios forestales en Quintana Roo; son ya m\u00e1s de 7 mil hect\u00e1reas afectadas"},"content":{"rendered":"<p>Guillermo N\u00fa\u00f1ez Leal, director de Protecci\u00f3n Civil estatal, inform\u00f3 que personal de esta dependencia y de la Comisi\u00f3n Nacional Forestal siguen trabajando para controlar los 11 incendios forestales que se mantienen activos a lo largo de la entidad.<\/p>\n<p>Entrevistado durante la instalaci\u00f3n del Comit\u00e9 para la Temporada de Lluvias y Ciclones Tropicales en este municipio, el funcionario estatal detall\u00f3 que ya son m\u00e1s de 7 mil hect\u00e1reas las que han sido afectadas.<\/p>\n<p>En ese sentido, el entrevistado coment\u00f3 que 2 de estos incendios se ubican en este municipio, en las inmediaciones de las comunidades La Presumida y San Isidro.<\/p>\n<p>El funcionario indic\u00f3 que personal de las dependencias mencionadas est\u00e1 trabajando tambi\u00e9n para tener \u201cun n\u00famero real\u201d de hect\u00e1reas que han sido afectadas por estos incendios.<\/p>\n<p>\u201cAhorita no tenemos el balance, estamos arriba de los 7 mil hect\u00e1reas a nivel estado. Todav\u00eda nos falta, hay incendios que est\u00e1n activos, y creo que ya en el cierre de la temporada se les dar\u00e1 a conocer todas las hect\u00e1reas afectadas que hubo en el estado\u201d, a\u00f1adi\u00f3.<\/p>\n<p>El funcionario coment\u00f3 que, seg\u00fan la proyecci\u00f3n que tiene Conafor, es que este a\u00f1o sea m\u00e1s activo en materia de incendios forestales, a comparaci\u00f3n del a\u00f1o pasado.<\/p>\n<p>Por tal motivo, el entrevistado destac\u00f3 finalmente la importancia de este tipo de comit\u00e9s preventivos que se est\u00e1n instalando en los 11 municipios, siendo el pr\u00f3ximo el de Oth\u00f3n P. Blanco.<\/p>\n","protected":false},"excerpt":{"rendered":"<p>Guillermo N\u00fa\u00f1ez Leal, director de Protecci\u00f3n Civil estatal, inform\u00f3 que personal de esta dependencia y de la Comisi\u00f3n Nacional Forestal siguen trabajando para controlar los 11 incendios forestales que se mantienen activos a lo largo de la entidad. Entrevistado durante la instalaci\u00f3n del Comit\u00e9 para la Temporada de Lluvias y Ciclones Tropicales en este municipio, [&hellip;]<\/p>\n","protected":false},"author":1,"featured_media":33529,"comment_status":"open","ping_status":"closed","sticky":false,"template":"","format":"standard","meta":{"footnotes":""},"categories":[4],"tags":[],"class_list":["post-33527","post","type-post","status-publish","format-standard","has-post-thumbnail","hentry","category-local"],"_links":{"self":[{"href":"https:\/\/solidaridadnews.com\/index.php?rest_route=\/wp\/v2\/posts\/33527","targetHints":{"allow":["GET"]}}],"collection":[{"href":"https:\/\/solidaridadnews.com\/index.php?rest_route=\/wp\/v2\/posts"}],"about":[{"href":"https:\/\/solidaridadnews.com\/index.php?rest_route=\/wp\/v2\/types\/post"}],"author":[{"embeddable":true,"href":"https:\/\/solidaridadnews.com\/index.php?rest_route=\/wp\/v2\/users\/1"}],"replies":[{"embeddable":true,"href":"https:\/\/solidaridadnews.com\/index.php?rest_route=%2Fwp%2Fv2%2Fcomments&post=33527"}],"version-history":[{"count":1,"href":"https:\/\/solidaridadnews.com\/index.php?rest_route=\/wp\/v2\/posts\/33527\/revisions"}],"predecessor-version":[{"id":33528,"href":"https:\/\/solidaridadnews.com\/index.php?rest_route=\/wp\/v2\/posts\/33527\/revisions\/33528"}],"wp:featuredmedia":[{"embeddable":true,"href":"https:\/\/solidaridadnews.com\/index.php?rest_route=\/wp\/v2\/media\/33529"}],"wp:attachment":[{"href":"https:\/\/solidaridadnews.com\/index.php?rest_route=%2Fwp%2Fv2%2Fmedia&parent=33527"}],"wp:term":[{"taxonomy":"category","embeddable":true,"href":"https:\/\/solidaridadnews.com\/index.php?rest_route=%2Fwp%2Fv2%2Fcategories&post=33527"},{"taxonomy":"post_tag","embeddable":true,"href":"https:\/\/solidaridadnews.com\/index.php?rest_route=%2Fwp%2Fv2%2Ftags&post=33527"}],"curies":[{"name":"wp","href":"https:\/\/api.w.org\/{rel}","templated":true}]}}